{"id":554,"date":"2016-01-08T18:58:48","date_gmt":"2016-01-08T18:58:48","guid":{"rendered":"http:\/\/pai.inea.org\/?p=554"},"modified":"2018-06-13T15:16:50","modified_gmt":"2018-06-13T15:16:50","slug":"memoria-huertos-ecologicos-inea","status":"publish","type":"post","link":"http:\/\/www.ecoinea.org\/index.php\/2016\/01\/08\/memoria-huertos-ecologicos-inea\/","title":{"rendered":"Memoria Huertos ecol\u00f3gicos. INEA"},"content":{"rendered":"<p>Aqu\u00ed os adjuntamos una memoria de las actividades de los huertos ecol\u00f3gicos en INEA en el a\u00f1o 2015. En ella se recogen las principales actividades que hemos llevado a cabo a lo largo de la campa\u00f1a y aquellas cosas en las que han intervenido los hortelanos.<\/p>\n<p>Para ver la memoria click en la\u00a0<a href=\"http:\/\/www.ecoinea.org\/wp-content\/uploads\/2018\/06\/memoria-2015-HUERTOS-ECOL\u00d3GICOS.pdf\" target=\"_blank\" rel=\"attachment noopener wp-att-555\">Memoria 2015 HUERTOS ECOL\u00d3GICOS<\/a><\/p>\n","protected":false},"excerpt":{"rendered":"<p>Aqu\u00ed os adjuntamos una memoria de las actividades de los huertos ecol\u00f3gicos en INEA en el a\u00f1o 2015. En ella se recogen las principales actividades que hemos llevado a cabo a lo largo de la campa\u00f1a y aquellas cosas en las que han intervenido los hortelanos. Para ver la memoria click en la\u00a0Memoria 2015 HUERTOS &#8230; <a title=\"Memoria Huertos ecol\u00f3gicos. INEA\" class=\"read-more\" href=\"http:\/\/www.ecoinea.org\/index.php\/2016\/01\/08\/memoria-huertos-ecologicos-inea\/\">Leer m\u00e1s<span class=\"screen-reader-text\">Memoria Huertos ecol\u00f3gicos. INEA<\/span><\/a><\/p>\n","protected":false},"author":1,"featured_media":0,"comment_status":"closed","ping_status":"closed","sticky":false,"template":"","format":"standard","meta":{"footnotes":""},"categories":[82,81],"tags":[88],"_links":{"self":[{"href":"http:\/\/www.ecoinea.org\/index.php\/wp-json\/wp\/v2\/posts\/554"}],"collection":[{"href":"http:\/\/www.ecoinea.org\/index.php\/wp-json\/wp\/v2\/posts"}],"about":[{"href":"http:\/\/www.ecoinea.org\/index.php\/wp-json\/wp\/v2\/types\/post"}],"author":[{"embeddable":true,"href":"http:\/\/www.ecoinea.org\/index.php\/wp-json\/wp\/v2\/users\/1"}],"replies":[{"embeddable":true,"href":"http:\/\/www.ecoinea.org\/index.php\/wp-json\/wp\/v2\/comments?post=554"}],"version-history":[{"count":2,"href":"http:\/\/www.ecoinea.org\/index.php\/wp-json\/wp\/v2\/posts\/554\/revisions"}],"predecessor-version":[{"id":1314,"href":"http:\/\/www.ecoinea.org\/index.php\/wp-json\/wp\/v2\/posts\/554\/revisions\/1314"}],"wp:attachment":[{"href":"http:\/\/www.ecoinea.org\/index.php\/wp-json\/wp\/v2\/media?parent=554"}],"wp:term":[{"taxonomy":"category","embeddable":true,"href":"http:\/\/www.ecoinea.org\/index.php\/wp-json\/wp\/v2\/categories?post=554"},{"taxonomy":"post_tag","embeddable":true,"href":"http:\/\/www.ecoinea.org\/index.php\/wp-json\/wp\/v2\/tags?post=554"}],"curies":[{"name":"wp","href":"https:\/\/api.w.org\/{rel}","templated":true}]}}