{"id":570,"date":"2016-02-16T09:13:30","date_gmt":"2016-02-16T09:13:30","guid":{"rendered":"http:\/\/pai.inea.org\/?p=570"},"modified":"2018-06-13T15:15:11","modified_gmt":"2018-06-13T15:15:11","slug":"retiro-sobre-espiritualidad-y-ecologia","status":"publish","type":"post","link":"http:\/\/www.ecoinea.org\/index.php\/2016\/02\/16\/retiro-sobre-espiritualidad-y-ecologia\/","title":{"rendered":"Retiro sobre espiritualidad y ecolog\u00eda"},"content":{"rendered":"<p>Un taller de lectura guiada de Laudato Si\u00b4, un retiro en clave ecol\u00f3gica y lo pr\u00f3ximo, la Ecopascua. Espiritualidad y ecolog\u00eda van de la mano de INEA. As\u00ed lo corrobora el programa que est\u00e1 impulsando la Escuela de Ingenier\u00eda Agr\u00edcola. A finales de 2015 comenz\u00f3 con el taller de lectura de la enc\u00edclica del Papa y le ha seguido el eco-retiro, celebrado este fin de semana. A la luz del Principio y Fundamento de los Ejercicios Espirituales de san Ignacio de Loyola, la reflexi\u00f3n introducida por F\u00e9lix Revilla sj ahond\u00f3 en la variable ambiental y ecol\u00f3gica. De nuevo Laudato Si\u00b4 aport\u00f3 reflexiones profundas para su comprensi\u00f3n. Despu\u00e9s de la reflexi\u00f3n guiada, los participantes dedicaron un tiempo personal a orar y profundizar. El retiro finaliz\u00f3 con la eucarist\u00eda. En el horizonte est\u00e1 previsto celebrar tres o cuatro retiros en clave ecol\u00f3gica al a\u00f1o.<\/p>\n<p>Ya en tiempo de Cuaresma, desde INEA se prepara la eco-pascua que se celebrar\u00e1 en Las Cortas de Blas. Bajo el sentido \u2018Una oportunidad de vivir la ecolog\u00eda integral\u2019 este encuentro en Semana Santa invita a sentirse \u00edntimamente unidos a todo lo que existe \u2026Jueves Santo: \u00a0La Creaci\u00f3n un proyecto del amor de Dios; Viernes Santo: la debilidad de nuestras reacciones: tomar dolorosa conciencia; S\u00e1bado Santo: la capacidad de gozar con poco; Domingo de Resurrecci\u00f3n: \u201cYo hago nuevas todas las cosas\u201d. Pinchar en\u00a0<a title=\"\" href=\"http:\/\/www.sjvalladolid.org\/documentos\/summary\/34-inea\/1272-ecopascua-2016\">informaci\u00f3n\u00a0<\/a>e\u00a0<a title=\"\" href=\"http:\/\/www.sjvalladolid.org\/documentos\/summary\/34-inea\/1271-inscripcion-para-la-ecopascua-2016\">inscripci\u00f3n<\/a>.<\/p>\n","protected":false},"excerpt":{"rendered":"<p>Un taller de lectura guiada de Laudato Si\u00b4, un retiro en clave ecol\u00f3gica y lo pr\u00f3ximo, la Ecopascua. Espiritualidad y ecolog\u00eda van de la mano de INEA. As\u00ed lo corrobora el programa que est\u00e1 impulsando la Escuela de Ingenier\u00eda Agr\u00edcola. A finales de 2015 comenz\u00f3 con el taller de lectura de la enc\u00edclica del Papa &#8230; <a title=\"Retiro sobre espiritualidad y ecolog\u00eda\" class=\"read-more\" href=\"http:\/\/www.ecoinea.org\/index.php\/2016\/02\/16\/retiro-sobre-espiritualidad-y-ecologia\/\">Leer m\u00e1s<span class=\"screen-reader-text\">Retiro sobre espiritualidad y ecolog\u00eda<\/span><\/a><\/p>\n","protected":false},"author":1,"featured_media":571,"comment_status":"closed","ping_status":"closed","sticky":false,"template":"","format":"standard","meta":{"footnotes":""},"categories":[84,81],"tags":[116],"_links":{"self":[{"href":"http:\/\/www.ecoinea.org\/index.php\/wp-json\/wp\/v2\/posts\/570"}],"collection":[{"href":"http:\/\/www.ecoinea.org\/index.php\/wp-json\/wp\/v2\/posts"}],"about":[{"href":"http:\/\/www.ecoinea.org\/index.php\/wp-json\/wp\/v2\/types\/post"}],"author":[{"embeddable":true,"href":"http:\/\/www.ecoinea.org\/index.php\/wp-json\/wp\/v2\/users\/1"}],"replies":[{"embeddable":true,"href":"http:\/\/www.ecoinea.org\/index.php\/wp-json\/wp\/v2\/comments?post=570"}],"version-history":[{"count":1,"href":"http:\/\/www.ecoinea.org\/index.php\/wp-json\/wp\/v2\/posts\/570\/revisions"}],"predecessor-version":[{"id":1524,"href":"http:\/\/www.ecoinea.org\/index.php\/wp-json\/wp\/v2\/posts\/570\/revisions\/1524"}],"wp:featuredmedia":[{"embeddable":true,"href":"http:\/\/www.ecoinea.org\/index.php\/wp-json\/wp\/v2\/media\/571"}],"wp:attachment":[{"href":"http:\/\/www.ecoinea.org\/index.php\/wp-json\/wp\/v2\/media?parent=570"}],"wp:term":[{"taxonomy":"category","embeddable":true,"href":"http:\/\/www.ecoinea.org\/index.php\/wp-json\/wp\/v2\/categories?post=570"},{"taxonomy":"post_tag","embeddable":true,"href":"http:\/\/www.ecoinea.org\/index.php\/wp-json\/wp\/v2\/tags?post=570"}],"curies":[{"name":"wp","href":"https:\/\/api.w.org\/{rel}","templated":true}]}}