{"id":573,"date":"2016-02-16T12:14:02","date_gmt":"2016-02-16T12:14:02","guid":{"rendered":"http:\/\/pai.inea.org\/?p=573"},"modified":"2018-06-13T15:14:36","modified_gmt":"2018-06-13T15:14:36","slug":"semana-de-vida-religiosa-ecosoldiaria","status":"publish","type":"post","link":"http:\/\/www.ecoinea.org\/index.php\/2016\/02\/16\/semana-de-vida-religiosa-ecosoldiaria\/","title":{"rendered":"Semana de vida religiosa ecosolidaria"},"content":{"rendered":"<p>Reci\u00e9n comenzada la\u00a0<b>Cuaresma<\/b>\u00a0y, desde el \u00c1rea de Justicia y Solidaridad de CONFER, nos gustar\u00eda incluir en nuestra vivencia de este tiempo esa necesaria\u00a0<b>DIMENSI\u00d3N ECOL\u00d3GICA DE NUESTRA CONVERSI\u00d3N<\/b>\u00a0que el Papa Francisco ha puesto de relieve en su enc\u00edclica\u00a0<i>Laudato si<\/i>\u00b4 y, de un modo u otro, en sus mensajes m\u00e1s relevantes. Para ello, os iremos acercando diversas propuestas a lo largo de este tiempo.<\/p>\n<p>&nbsp;<\/p>\n<p>La primera de ellas es invitaros a\u00a0<b>participar en la segunda<\/b><\/p>\n<p align=\"center\"><b>SEMANA TE\u00d3RICO-PR\u00c1CTICA DE VIDA RELIGIOSA ECOSOLIDARIA<\/b><b><\/b><\/p>\n<p align=\"center\"><b>\u201cCONVERSI\u00d3N ECOL\u00d3GICA CON LA\u00a0<i>LAUDATO SI\u00b4<\/i>\u201d<\/b><\/p>\n<p>&nbsp;<\/p>\n<p>Esta semana es una nueva edici\u00f3n de aquella primera que tuvo lugar en 2013 y en la que particip\u00f3 un buen grupo de religiosas y religiosos, alguna de las cu\u00e1les ha compartido esta experiencia con nosotros en las Jornadas del \u00c1rea de Justicia y Solidaridad. Tendr\u00e1 lugar, de nuevo, en INEA (Escuela Universitaria de Ingenier\u00eda Agr\u00edcola) de Valladolid, del 8 al 15 de julio y estar\u00e1 animada por Conchi Pel\u00e1ez, stj y Jos\u00e9 Eizaguirre. Ten\u00e9is todas la informaci\u00f3n en el adjunto.<\/p>\n<p>&nbsp;<\/p>\n<p>Agradecemos y valoramos enormemente esta propuesta y desde el \u00c1rea de Justicia y Solidaridad de CONFER queremos difundirla y apoyarla pues consideramos imprescindible que como Vida Religiosa exploremos y transitemos de una forma m\u00e1s decidida los caminos de esa conversi\u00f3n ecol\u00f3gica, la b\u00fasqueda de nuevas convicciones, actitudes y formas de vida (LS 202) que nos permitan contribuir hoy a la vida de los m\u00e1s pobres y del planeta y, tambi\u00e9n, RECREAR NUESTRA PROPIA FORMA DE VIDA EN SINTON\u00cdA CON LOS ACTUALES SIGNOS DE LOS TIEMPOS.<\/p>\n","protected":false},"excerpt":{"rendered":"<p>Reci\u00e9n comenzada la\u00a0Cuaresma\u00a0y, desde el \u00c1rea de Justicia y Solidaridad de CONFER, nos gustar\u00eda incluir en nuestra vivencia de este tiempo esa necesaria\u00a0DIMENSI\u00d3N ECOL\u00d3GICA DE NUESTRA CONVERSI\u00d3N\u00a0que el Papa Francisco ha puesto de relieve en su enc\u00edclica\u00a0Laudato si\u00b4 y, de un modo u otro, en sus mensajes m\u00e1s relevantes. Para ello, os iremos acercando diversas &#8230; <a title=\"Semana de vida religiosa ecosolidaria\" class=\"read-more\" href=\"http:\/\/www.ecoinea.org\/index.php\/2016\/02\/16\/semana-de-vida-religiosa-ecosoldiaria\/\">Leer m\u00e1s<span class=\"screen-reader-text\">Semana de vida religiosa ecosolidaria<\/span><\/a><\/p>\n","protected":false},"author":1,"featured_media":0,"comment_status":"closed","ping_status":"closed","sticky":false,"template":"","format":"standard","meta":{"footnotes":""},"categories":[84,81],"tags":[125],"_links":{"self":[{"href":"http:\/\/www.ecoinea.org\/index.php\/wp-json\/wp\/v2\/posts\/573"}],"collection":[{"href":"http:\/\/www.ecoinea.org\/index.php\/wp-json\/wp\/v2\/posts"}],"about":[{"href":"http:\/\/www.ecoinea.org\/index.php\/wp-json\/wp\/v2\/types\/post"}],"author":[{"embeddable":true,"href":"http:\/\/www.ecoinea.org\/index.php\/wp-json\/wp\/v2\/users\/1"}],"replies":[{"embeddable":true,"href":"http:\/\/www.ecoinea.org\/index.php\/wp-json\/wp\/v2\/comments?post=573"}],"version-history":[{"count":2,"href":"http:\/\/www.ecoinea.org\/index.php\/wp-json\/wp\/v2\/posts\/573\/revisions"}],"predecessor-version":[{"id":1791,"href":"http:\/\/www.ecoinea.org\/index.php\/wp-json\/wp\/v2\/posts\/573\/revisions\/1791"}],"wp:attachment":[{"href":"http:\/\/www.ecoinea.org\/index.php\/wp-json\/wp\/v2\/media?parent=573"}],"wp:term":[{"taxonomy":"category","embeddable":true,"href":"http:\/\/www.ecoinea.org\/index.php\/wp-json\/wp\/v2\/categories?post=573"},{"taxonomy":"post_tag","embeddable":true,"href":"http:\/\/www.ecoinea.org\/index.php\/wp-json\/wp\/v2\/tags?post=573"}],"curies":[{"name":"wp","href":"https:\/\/api.w.org\/{rel}","templated":true}]}}