{"id":615,"date":"2016-04-23T08:37:43","date_gmt":"2016-04-23T08:37:43","guid":{"rendered":"http:\/\/pai.inea.org\/?p=615"},"modified":"2018-06-13T15:08:37","modified_gmt":"2018-06-13T15:08:37","slug":"premio-a-inea-del-foro-agrario","status":"publish","type":"post","link":"http:\/\/www.ecoinea.org\/index.php\/2016\/04\/23\/premio-a-inea-del-foro-agrario\/","title":{"rendered":"Premio a INEA del Foro Agrario"},"content":{"rendered":"<h2>INEA, premiada por el Foro Agrario por los proyectos Huertos Ecol\u00f3gicos y Huertos Urbanos<\/h2>\n<div>Fecha:\u00a0Martes, 12 Abril 2016<\/div>\n<div>\n<p><a href=\"http:\/\/www.ecoinea.org\/wp-content\/uploads\/2018\/06\/premio-inea.jpg\"><img fetchpriority=\"high\" decoding=\"async\" class=\"aligncenter wp-image-1782 size-full\" src=\"http:\/\/www.ecoinea.org\/wp-content\/uploads\/2018\/06\/premio-inea.jpg\" alt=\"\" width=\"300\" height=\"199\" \/><\/a><\/p>\n<div><\/div>\n<div><\/div>\n<\/div>\n<div>\n<div>\n<ul>\n<li><strong><em>La Fundaci\u00f3n en la que participan diferentes organizaciones profesionales y acad\u00e9micas entregar\u00e1 el premio el pr\u00f3ximo 12 de abril.<\/em><\/strong><\/li>\n<li><strong><em>Reconoce su contribuci\u00f3n a la mejora del entorno urbano a trav\u00e9s de la agricultura urbana en este Proyecto del Ayuntamiento de Valladolid que gestiona INEA<\/em><\/strong><\/li>\n<\/ul>\n<p>&nbsp;<\/p>\n<p>La Fundaci\u00f3n Foro Agrario ha concedido el II Premio Foro Agrario sobre Naturaci\u00f3n y Agricultura Urbana 2016 a INEA y lo ha recogido F\u00e9lix Revilla, director de la Escuela de Ingenier\u00eda Agr\u00edcola de Valladolid \u2013INEA-. Esta instituci\u00f3n constituida por la Asociaci\u00f3n Asistencia de Ingenieros Agr\u00f3nomos,\u00a0 el Colegio Oficial de Ingenieros Agr\u00f3nomos del Centro y Canarias, la Universidad Polit\u00e9cnica de Madrid, entre otros, reconoce as\u00ed la labor desarrollada por F\u00e9lix Revilla e INEA en los proyectos de los Huertos Ecol\u00f3gicos y Huertos Urbanos y concede el premio en la categor\u00eda de proyecto profesional. La segunda categor\u00eda corresponde a trabajos acad\u00e9micos de los \u00faltimos 3 a\u00f1os. El jurado est\u00e1 compuesto por miembros del Foro Agrario, \u00a0PRONATUR, de la Universidad y profesionales de reconocido prestigio, uno de arquitectura y otro de agronom\u00eda, y representantes de empresas involucradas en actividades de naturaci\u00f3n\u00a0 y agricultura urbana.<\/p>\n<p>&nbsp;<\/p>\n<p>F\u00e9lix Revilla recibir\u00e1 el galard\u00f3n en el transcurso de las Jornada sobre Agricultura urbana para una ciudad sostenible,\u00a0 en la ETS de Ingenieros Agr\u00f3nomos de Madrid, el pr\u00f3ximo martes 12 de abril 2016 como cabeza visible de un Proyecto que promociona el Ayuntamiento de Valladolid y del que se responsabiliza INEA en los aspectos de la gesti\u00f3n del mismo. Durante las jornadas, Revilla intervendr\u00e1 con su conferencia\u00a0<strong><em>La Agricultura Urbana como vertebraci\u00f3n social: caso de Valladolid<\/em><\/strong>. Una charla vinculada a los proyectos premiados:<\/p>\n<p>&nbsp;<\/p>\n<p>\u00d8\u00a0\u00a0<strong><em>Huertos Ecol\u00f3gicos<\/em><\/strong>arranc\u00f3 en 2005 fruto de un Convenio entre el Ayuntamiento de Valladolid e Inea y se desarrolla en una finca urbana de Valladolid, propiedad de INEA. Este espacio dispone de 430 huertos urbanos para mayores de 60 a\u00f1os. Cuenta con otros huertos destinados a ni\u00f1os migrantes y a personas con enfermedad mental. En torno a este lugar se promueven diversas actividades que promocionan la colaboraci\u00f3n y solidaridad: fiestas, actividades educativas, formaci\u00f3n, mercadillo solidario, banco de alimentos, formaci\u00f3n. Entre las condiciones para disfrutar de estos huertos, figura el uso en beneficio propio con la \u00fanica venta de productos en el mercadillo ecol\u00f3gico y solidario que se celebra al final del verano con fines ben\u00e9ficos. Ocho de cada diez usuarios de las parcelas son hombres. Los titulares de los huertos tambi\u00e9n deben estar empadronados en Valladolid con al menos un a\u00f1o de antig\u00fcedad. La producci\u00f3n ecol\u00f3gica de cada una de las parcelas est\u00e1 garantizada gracias a que INEA dispone de un vivero de planta hort\u00edcola ecol\u00f3gica. Este espacio abastece a la totalidad de los hortelanos de la zona lo que hace posible mantener la cadena ecol\u00f3gica en la producci\u00f3n de los huertos. Adem\u00e1s, INEA posee su propia \u00e1rea espec\u00edfica de cultivo ecol\u00f3gico de plantas y frutos para consumo dom\u00e9stico.<\/p>\n<p>\u00d8\u00a0\u00a0<strong><em>Huertos Urbanos<\/em><\/strong>es un proyecto m\u00e1s reciente -2014-. Tambi\u00e9n fruto de un Convenio con el Ayuntamiento de Valladolid pero ene ste caso en terrenos municipales Se desarrolla en cuatro barrios de Valladolid \u2014Parque Alameda, Santos-Pilarica, Jard\u00edn Bot\u00e1nico, y\u00a0 Rondilla\u2014. En cada barrio hay un espacio con 50 huertos ecol\u00f3gicos para personas desempleadas de la ciudad y una parcela m\u00e1s grande como huerto comunitario. Este se trabaja entre todos los usuarios de manera que los frutos obtenidos sean repartidos de forma solidaria en bancos de alimentos, parroquias, asociaciones de vecinos etc. En total son unos 180uertos. En este proyecto tambi\u00e9n se realizan actividades formativas y de ocio.<\/p>\n<p>&nbsp;<\/p>\n<p>&nbsp;<\/p>\n<p>La Fundaci\u00f3n Foro Agrario reconoce su contribuci\u00f3n al impulso del desarrollo de los huertos como instrumento para mejorar el entorno de la ciudad, en sus facetas ornamental y alimentaria, y su incidencia positiva en el paisaje, medio ambiente, oferta de alimentos, ocupaci\u00f3n y relaciones sociales.<\/p>\n<\/div>\n<\/div>\n","protected":false},"excerpt":{"rendered":"<p>INEA, premiada por el Foro Agrario por los proyectos Huertos Ecol\u00f3gicos y Huertos Urbanos Fecha:\u00a0Martes, 12 Abril 2016 La Fundaci\u00f3n en la que participan diferentes organizaciones profesionales y acad\u00e9micas entregar\u00e1 el premio el pr\u00f3ximo 12 de abril. Reconoce su contribuci\u00f3n a la mejora del entorno urbano a trav\u00e9s de la agricultura urbana en este Proyecto &#8230; <a title=\"Premio a INEA del Foro Agrario\" class=\"read-more\" href=\"http:\/\/www.ecoinea.org\/index.php\/2016\/04\/23\/premio-a-inea-del-foro-agrario\/\">Leer m\u00e1s<span class=\"screen-reader-text\">Premio a INEA del Foro Agrario<\/span><\/a><\/p>\n","protected":false},"author":1,"featured_media":0,"comment_status":"closed","ping_status":"closed","sticky":false,"template":"","format":"standard","meta":{"footnotes":""},"categories":[82,81],"tags":[99,98,96],"_links":{"self":[{"href":"http:\/\/www.ecoinea.org\/index.php\/wp-json\/wp\/v2\/posts\/615"}],"collection":[{"href":"http:\/\/www.ecoinea.org\/index.php\/wp-json\/wp\/v2\/posts"}],"about":[{"href":"http:\/\/www.ecoinea.org\/index.php\/wp-json\/wp\/v2\/types\/post"}],"author":[{"embeddable":true,"href":"http:\/\/www.ecoinea.org\/index.php\/wp-json\/wp\/v2\/users\/1"}],"replies":[{"embeddable":true,"href":"http:\/\/www.ecoinea.org\/index.php\/wp-json\/wp\/v2\/comments?post=615"}],"version-history":[{"count":2,"href":"http:\/\/www.ecoinea.org\/index.php\/wp-json\/wp\/v2\/posts\/615\/revisions"}],"predecessor-version":[{"id":1783,"href":"http:\/\/www.ecoinea.org\/index.php\/wp-json\/wp\/v2\/posts\/615\/revisions\/1783"}],"wp:attachment":[{"href":"http:\/\/www.ecoinea.org\/index.php\/wp-json\/wp\/v2\/media?parent=615"}],"wp:term":[{"taxonomy":"category","embeddable":true,"href":"http:\/\/www.ecoinea.org\/index.php\/wp-json\/wp\/v2\/categories?post=615"},{"taxonomy":"post_tag","embeddable":true,"href":"http:\/\/www.ecoinea.org\/index.php\/wp-json\/wp\/v2\/tags?post=615"}],"curies":[{"name":"wp","href":"https:\/\/api.w.org\/{rel}","templated":true}]}}