{"id":619,"date":"2016-04-28T15:57:34","date_gmt":"2016-04-28T15:57:34","guid":{"rendered":"http:\/\/pai.inea.org\/?p=619"},"modified":"2018-06-13T15:06:29","modified_gmt":"2018-06-13T15:06:29","slug":"nueva-campana-huertos-ecologicos-en-inea","status":"publish","type":"post","link":"http:\/\/www.ecoinea.org\/index.php\/2016\/04\/28\/nueva-campana-huertos-ecologicos-en-inea\/","title":{"rendered":"Nueva campa\u00f1a huertos ecol\u00f3gicos en INEA"},"content":{"rendered":"<p>Nueva entrega de credenciales para acceder a uno de los 426 huertos ecol\u00f3gicos de la finca de INEA. El alcalde de Valladolid, \u00d3scar Puente, y el director de la escuela, F\u00e9lix Revilla, han entregado hoy la llave a otros 24 nuevos hortelanos, para que disfruten de una de las parcelas. Abri\u00f3 el acto F\u00e9lix ofreciendo una imagen global del proyecto que inici\u00f3 en 2005 y que ha recibido el premio del Foro Agrario 2016. Habl\u00f3 de sus inicios, de sus beneficios personales, f\u00edsicos y ps\u00edquicos, de las encuestas de satisfacci\u00f3n que revelan\u00a0que un 98% se lo recomendar\u00eda a otro y de las claves del \u00e9xito: \u201cCuidado y atenci\u00f3n de un equipo t\u00e9cnico, el orden y las normas que mantienen los hortelanos y el trato personal\u201d. La finca de INEA se convierte gracias a este proyecto\u00a0en un espacio de encuentro, para establecer nuevas relaciones y para mantener vivos los v\u00ednculos\u00a0con la pareja, con el otro, con la familia y con uno mismo. \u00a0Las declaraciones de los hortelanos ratificaban este informe.<\/p>\n<p>Una vez entregados los carn\u00e9s, \u00d3scar Puente cerr\u00f3 el acto que preside por primera vez. Acudi\u00f3 con la concejala de Asuntos Sociales del Ayuntamiento de Valladolid, Rafaela Romero. Dedic\u00f3 unas palabras de apoyo a este proyecto recordando el proverbio chino: \u201cSi quieres ser feliz toda la vida, cultiva un huerto\u201d. \u00a0Dese\u00f3 buena cosecha y una recolecci\u00f3n de buenos frutos.<\/p>\n<p>Entre las condiciones para disfrutar de estos huertos, figura el uso en beneficio propio con la \u00fanica venta de productos en el mercadillo ecol\u00f3gico y solidario que se celebra al final del verano con fines ben\u00e9ficos. Los titulares de los huertos tambi\u00e9n deben estar empadronados en Valladolid con al menos un a\u00f1o de antig\u00fcedad.\u00a0La producci\u00f3n ecol\u00f3gica de cada una de las parcelas est\u00e1 garantizada gracias a que INEA dispone de un vivero de planta hort\u00edcola ecol\u00f3gica de Castilla y Le\u00f3n. Desde aqu\u00ed se abastece a los hortelanos, lo que hace posible mantener la cadena ecol\u00f3gica. Se suma as\u00ed a la apuesta ecol\u00f3gica de INEA que posee su propia \u00e1rea de cultivo ecol\u00f3gico de plantas y frutos para consumo dom\u00e9stico.<\/p>\n<p><strong>Premio Foro Agrario 2016<\/strong><\/p>\n<p>El pasado 12 de abril, el director de INEA recogi\u00f3 el Premio Foro Agrario sobre Naturaci\u00f3n y Agricultura Urbana 2016, un galard\u00f3n concedido por la Fundaci\u00f3n Foro Agrario y que reconoce su contribuci\u00f3n al impulso del desarrollo de los huertos como instrumentos para mejorar el entorno de la ciudad, en sus facetas ornamental y alimentaria, y su incidencia positiva en el paisaje, medio ambiente, oferta de alimentos, ocupaci\u00f3n y relaciones sociales.<\/p>\n<p><strong>Plazo de inscripci\u00f3n de Huertos Urbanos<\/strong><\/p>\n<p>INEA tambi\u00e9n gestiona y asesora t\u00e9cnicamente el proyecto de Huertos Urbanos, nacido en 2014 para cuyo plazo de inscripci\u00f3n acaba el pr\u00f3ximo 12 de mayo. En total son 183 parcelas destinadas a personas desempleadas residentes en Valladolid situadas en Barrio Espa\u00f1a (Valle de Ar\u00e1n), Jard\u00edn Bot\u00e1nico, Santos Pilarica y Parque Alameda. Los cuatro adem\u00e1s disponen de una parcela m\u00e1s grande para un huerto comunitario. Este se trabaja entre todos los usuarios de manera que los frutos obtenidos son repartidos solidariamente a bancos de alimentos, parroquias, asociaciones de vecinos.<br \/>\n<iframe src=\"https:\/\/www.youtube.com\/embed\/srfcXarGoEU\" width=\"420\" height=\"315\" frameborder=\"0\" allowfullscreen=\"allowfullscreen\"><\/iframe><\/p>\n","protected":false},"excerpt":{"rendered":"<p>Nueva entrega de credenciales para acceder a uno de los 426 huertos ecol\u00f3gicos de la finca de INEA. El alcalde de Valladolid, \u00d3scar Puente, y el director de la escuela, F\u00e9lix Revilla, han entregado hoy la llave a otros 24 nuevos hortelanos, para que disfruten de una de las parcelas. Abri\u00f3 el acto F\u00e9lix ofreciendo &#8230; <a title=\"Nueva campa\u00f1a huertos ecol\u00f3gicos en INEA\" class=\"read-more\" href=\"http:\/\/www.ecoinea.org\/index.php\/2016\/04\/28\/nueva-campana-huertos-ecologicos-en-inea\/\">Leer m\u00e1s<span class=\"screen-reader-text\">Nueva campa\u00f1a huertos ecol\u00f3gicos en INEA<\/span><\/a><\/p>\n","protected":false},"author":1,"featured_media":0,"comment_status":"closed","ping_status":"closed","sticky":false,"template":"","format":"standard","meta":{"footnotes":""},"categories":[82,81],"tags":[98,96],"_links":{"self":[{"href":"http:\/\/www.ecoinea.org\/index.php\/wp-json\/wp\/v2\/posts\/619"}],"collection":[{"href":"http:\/\/www.ecoinea.org\/index.php\/wp-json\/wp\/v2\/posts"}],"about":[{"href":"http:\/\/www.ecoinea.org\/index.php\/wp-json\/wp\/v2\/types\/post"}],"author":[{"embeddable":true,"href":"http:\/\/www.ecoinea.org\/index.php\/wp-json\/wp\/v2\/users\/1"}],"replies":[{"embeddable":true,"href":"http:\/\/www.ecoinea.org\/index.php\/wp-json\/wp\/v2\/comments?post=619"}],"version-history":[{"count":1,"href":"http:\/\/www.ecoinea.org\/index.php\/wp-json\/wp\/v2\/posts\/619\/revisions"}],"predecessor-version":[{"id":1276,"href":"http:\/\/www.ecoinea.org\/index.php\/wp-json\/wp\/v2\/posts\/619\/revisions\/1276"}],"wp:attachment":[{"href":"http:\/\/www.ecoinea.org\/index.php\/wp-json\/wp\/v2\/media?parent=619"}],"wp:term":[{"taxonomy":"category","embeddable":true,"href":"http:\/\/www.ecoinea.org\/index.php\/wp-json\/wp\/v2\/categories?post=619"},{"taxonomy":"post_tag","embeddable":true,"href":"http:\/\/www.ecoinea.org\/index.php\/wp-json\/wp\/v2\/tags?post=619"}],"curies":[{"name":"wp","href":"https:\/\/api.w.org\/{rel}","templated":true}]}}