{"id":626,"date":"2016-05-10T07:01:56","date_gmt":"2016-05-10T07:01:56","guid":{"rendered":"http:\/\/pai.inea.org\/?p=626"},"modified":"2018-06-13T15:02:44","modified_gmt":"2018-06-13T15:02:44","slug":"fiestas-en-honor-de-san-isidro","status":"publish","type":"post","link":"http:\/\/www.ecoinea.org\/index.php\/2016\/05\/10\/fiestas-en-honor-de-san-isidro\/","title":{"rendered":"Fiestas en honor de san Isidro"},"content":{"rendered":"<p>El d\u00eda 16 de Mayo en horario de tarde tendremos la celebraci\u00f3n oficial de San Isidro en los proyectos de Huertos. A la celebraci\u00f3n asiste, para presidir el Arzobispo de nuestra ciudad D. Ricardo Bl\u00e1zquez. El acto tiene diversos momentos y ser\u00e1 sin duda emotivo como lo es todos los a\u00f1os. Est\u00e1is todos invitados a este momento tan especial.<\/p>\n","protected":false},"excerpt":{"rendered":"<p>El d\u00eda 16 de Mayo en horario de tarde tendremos la celebraci\u00f3n oficial de San Isidro en los proyectos de Huertos. A la celebraci\u00f3n asiste, para presidir el Arzobispo de nuestra ciudad D. Ricardo Bl\u00e1zquez. El acto tiene diversos momentos y ser\u00e1 sin duda emotivo como lo es todos los a\u00f1os. Est\u00e1is todos invitados a &#8230; <a title=\"Fiestas en honor de san Isidro\" class=\"read-more\" href=\"http:\/\/www.ecoinea.org\/index.php\/2016\/05\/10\/fiestas-en-honor-de-san-isidro\/\">Leer m\u00e1s<span class=\"screen-reader-text\">Fiestas en honor de san Isidro<\/span><\/a><\/p>\n","protected":false},"author":1,"featured_media":627,"comment_status":"closed","ping_status":"closed","sticky":false,"template":"","format":"standard","meta":{"footnotes":""},"categories":[82,81],"tags":[87],"_links":{"self":[{"href":"http:\/\/www.ecoinea.org\/index.php\/wp-json\/wp\/v2\/posts\/626"}],"collection":[{"href":"http:\/\/www.ecoinea.org\/index.php\/wp-json\/wp\/v2\/posts"}],"about":[{"href":"http:\/\/www.ecoinea.org\/index.php\/wp-json\/wp\/v2\/types\/post"}],"author":[{"embeddable":true,"href":"http:\/\/www.ecoinea.org\/index.php\/wp-json\/wp\/v2\/users\/1"}],"replies":[{"embeddable":true,"href":"http:\/\/www.ecoinea.org\/index.php\/wp-json\/wp\/v2\/comments?post=626"}],"version-history":[{"count":1,"href":"http:\/\/www.ecoinea.org\/index.php\/wp-json\/wp\/v2\/posts\/626\/revisions"}],"predecessor-version":[{"id":1271,"href":"http:\/\/www.ecoinea.org\/index.php\/wp-json\/wp\/v2\/posts\/626\/revisions\/1271"}],"wp:featuredmedia":[{"embeddable":true,"href":"http:\/\/www.ecoinea.org\/index.php\/wp-json\/"}],"wp:attachment":[{"href":"http:\/\/www.ecoinea.org\/index.php\/wp-json\/wp\/v2\/media?parent=626"}],"wp:term":[{"taxonomy":"category","embeddable":true,"href":"http:\/\/www.ecoinea.org\/index.php\/wp-json\/wp\/v2\/categories?post=626"},{"taxonomy":"post_tag","embeddable":true,"href":"http:\/\/www.ecoinea.org\/index.php\/wp-json\/wp\/v2\/tags?post=626"}],"curies":[{"name":"wp","href":"https:\/\/api.w.org\/{rel}","templated":true}]}}