{"id":631,"date":"2016-05-19T11:20:52","date_gmt":"2016-05-19T11:20:52","guid":{"rendered":"http:\/\/pai.inea.org\/?p=631"},"modified":"2018-06-13T15:02:25","modified_gmt":"2018-06-13T15:02:25","slug":"fiesta-de-san-isidro-en-los-huertos","status":"publish","type":"post","link":"http:\/\/www.ecoinea.org\/index.php\/2016\/05\/19\/fiesta-de-san-isidro-en-los-huertos\/","title":{"rendered":"Fiesta de San Isidro en los huertos"},"content":{"rendered":"<p>San Isidro es la gran fiesta del campo y de INEA , que el pasado lunes lo celebr\u00f3 de manera muy especial con todos los honores. Congreg\u00f3 a hortelanos de las parcelas ecol\u00f3gicas de la finca, profesores y amigos. Adem\u00e1s, recibi\u00f3 al cardenal arzobispo de Valladolid, don Ricardo Bl\u00e1zquez, quien presidi\u00f3 la eucarist\u00eda dedicada al patr\u00f3n del campo. &#8220;Trabajo, cooperaci\u00f3n y la providencia de Dios para recoger los frutos de nuestra vida y los de los huertos&#8221;, apel\u00f3 en su homil\u00eda. Puso en valor todos ellos para afrontar la nueva campa\u00f1a y tambi\u00e9n la vida. Anim\u00f3 a compatibilizar la fe en Dios y confiar en su providencia: \u00abPara que nos d\u00e9 la fuerza necesaria para continuar con la labor diaria. Dios nos exige nuestro trabajo y esfuerzo, pero tambi\u00e9n nos cuida, nunca nos llevar\u00e1 al extremo aunque a veces tengamos inquietud. Tenemos que confiar porque de \u00e9l recibimos el sol y la lluvia que nos permiten cultivar nuestros frutos, pero sin nuestro trabajo tampoco recoger\u00edamos nada\u00bb.<\/p>\n<div>Las palabras de Bl\u00e1zquez ahondaron en la humanidad y esfuerzo que hay detr\u00e1s de los nuevos instrumentos de trabajo, de las nuevas tecnolog\u00eda, y dio gracias por su valor y su presencia en el creaci\u00f3n de un tejido de redes de cooperaci\u00f3n entre todos: \u00abUnamos nuestro trabajo con la providencia divina para las labores de la tierra, una tierra ligada a la maternidad porque sin ella quedar\u00eda un terreno bald\u00edo, confiemos en ella las semillas con la seguridad de que no se va a perder\u00bb, dijo. Termin\u00f3 hablando de la figura de San Isidro. Destac\u00f3 su fe y su dedicaci\u00f3n al trabajo: \u00abEs posible ser fiel y tener las manos encallecidas y el rostro curtido por el sol\u00bb, dijo y anim\u00f3 a acercarse al santo y no endulzar su imagen, porque era santo pero tambi\u00e9n un trabajador solidario con las personas que ten\u00edan menos que \u00e9l. Y habl\u00f3 del legado de la Compa\u00f1\u00eda de Jes\u00fas, fundadora de INEA que hace dos a\u00f1os cumpli\u00f3 medio siglo de vida. A ellos, y a todas las personas que han colaborado por sacar adelante este proyecto agradeci\u00f3 su esfuerzo: \u00abHay personas que supieron leer el futuro y me alegro de que la Compa\u00f1\u00eda percibiera la necesidad y se embarcara en una aventura como esta\u00bb.<\/div>\n<div><\/div>\n<div>Celebrada la eucarist\u00eda, los hortelanos recorrieron la huerta con la imagen del santo a hombros y en compa\u00f1\u00eda del director de la escuela, F\u00e9liz Revilla, y del cardenal quien bendijo los huertos ecol\u00f3gicos. Despu\u00e9s participaron en un acto festivo coordinado por el poeta y hortelano Jos\u00e9 Antonio Serrano (Pepe Serra), con las actuaciones de Rocieras del Camino, la cantante Pilar Alonso, el cantaor Jes\u00fas El Mora, el guitarrista \u00d3scar Vecino y la poes\u00eda de Carmen Garc\u00eda y Serra. Un d\u00eda bonito para compartir y celebrar.<\/div>\n<div><\/div>\n<div>El Norte de Castilla colg\u00f3 este\u00a0<a title=\"\" href=\"http:\/\/www.elnortedecastilla.es\/valladolid\/201605\/17\/blazquez-apela-trabajo-para-20160517181100.html\" target=\"_blank\" rel=\"noopener\">v\u00eddeo <\/a><\/div>\n<div><\/div>\n","protected":false},"excerpt":{"rendered":"<p>San Isidro es la gran fiesta del campo y de INEA , que el pasado lunes lo celebr\u00f3 de manera muy especial con todos los honores. Congreg\u00f3 a hortelanos de las parcelas ecol\u00f3gicas de la finca, profesores y amigos. Adem\u00e1s, recibi\u00f3 al cardenal arzobispo de Valladolid, don Ricardo Bl\u00e1zquez, quien presidi\u00f3 la eucarist\u00eda dedicada al &#8230; <a title=\"Fiesta de San Isidro en los huertos\" class=\"read-more\" href=\"http:\/\/www.ecoinea.org\/index.php\/2016\/05\/19\/fiesta-de-san-isidro-en-los-huertos\/\">Leer m\u00e1s<span class=\"screen-reader-text\">Fiesta de San Isidro en los huertos<\/span><\/a><\/p>\n","protected":false},"author":1,"featured_media":632,"comment_status":"closed","ping_status":"closed","sticky":false,"template":"","format":"standard","meta":{"footnotes":""},"categories":[82,81],"tags":[87],"_links":{"self":[{"href":"http:\/\/www.ecoinea.org\/index.php\/wp-json\/wp\/v2\/posts\/631"}],"collection":[{"href":"http:\/\/www.ecoinea.org\/index.php\/wp-json\/wp\/v2\/posts"}],"about":[{"href":"http:\/\/www.ecoinea.org\/index.php\/wp-json\/wp\/v2\/types\/post"}],"author":[{"embeddable":true,"href":"http:\/\/www.ecoinea.org\/index.php\/wp-json\/wp\/v2\/users\/1"}],"replies":[{"embeddable":true,"href":"http:\/\/www.ecoinea.org\/index.php\/wp-json\/wp\/v2\/comments?post=631"}],"version-history":[{"count":2,"href":"http:\/\/www.ecoinea.org\/index.php\/wp-json\/wp\/v2\/posts\/631\/revisions"}],"predecessor-version":[{"id":1269,"href":"http:\/\/www.ecoinea.org\/index.php\/wp-json\/wp\/v2\/posts\/631\/revisions\/1269"}],"wp:featuredmedia":[{"embeddable":true,"href":"http:\/\/www.ecoinea.org\/index.php\/wp-json\/"}],"wp:attachment":[{"href":"http:\/\/www.ecoinea.org\/index.php\/wp-json\/wp\/v2\/media?parent=631"}],"wp:term":[{"taxonomy":"category","embeddable":true,"href":"http:\/\/www.ecoinea.org\/index.php\/wp-json\/wp\/v2\/categories?post=631"},{"taxonomy":"post_tag","embeddable":true,"href":"http:\/\/www.ecoinea.org\/index.php\/wp-json\/wp\/v2\/tags?post=631"}],"curies":[{"name":"wp","href":"https:\/\/api.w.org\/{rel}","templated":true}]}}