{"id":646,"date":"2016-07-14T16:07:38","date_gmt":"2016-07-14T16:07:38","guid":{"rendered":"http:\/\/pai.inea.org\/?p=646"},"modified":"2018-06-13T15:00:15","modified_gmt":"2018-06-13T15:00:15","slug":"un-grupo-de-religiosos-y-laicos-busca-su-conversion-ecologica-en-inea","status":"publish","type":"post","link":"http:\/\/www.ecoinea.org\/index.php\/2016\/07\/14\/un-grupo-de-religiosos-y-laicos-busca-su-conversion-ecologica-en-inea\/","title":{"rendered":"Un grupo de religiosos y laicos busca su conversi\u00f3n ecol\u00f3gica en INEA"},"content":{"rendered":"<p>Laudato Si\u00b4 inspira una\u00a0conversi\u00f3n ecol\u00f3gica que INEA abraza e impulsa para que se traduzca m\u00e1s en\u00a0las obras que en las palabras. Su proyecto \u2018agroecol\u00f3gico\u2019 es global e integrador de diversas iniciativas. Por ejemplo, esta semana un grupo de religiosos y creyentes participan en la II Semana te\u00f3rico-pr\u00e1ctica de vida consagrada ecosolidaria sum\u00e1ndose a esta misma inspiraci\u00f3n. La religiosa Conchi Pel\u00e1ez y Jos\u00e9 Eizaguirre coordinan este encuentro cuyo pilar es el texto de la enc\u00edclica verde: \u201cMuchas cosas tienen que reorientar su rumbo, pero ante todo la humanidad necesita cambiar. Hace falta la conciencia de un origen com\u00fan, de una pertenencia mutua y de un futuro compartido por todos. Esta conciencia b\u00e1sica permitir\u00eda el desarrollo de nuevas convicciones, actitudes y formas de vida. (Laudato Si, 202).<\/p>\n<p>\u201cEl objetivo es vivir estos d\u00edas de forma distinta\u201d, indica la convocatoria. \u201cQueremos ser m\u00e1s conscientes de las repercusiones de nuestra forma de vida, profundizar en nuevas pautas de comportamiento y compartir criterios y recursos que nos ayuden a vivir de maneras m\u00e1s sostenibles, solidarias y saludables\u201d. Para los organizadores,\u00a0 la conciencia de la gravedad de la crisis cultural y ecol\u00f3gica requiere traducirse en nuevos h\u00e1bitos, como as\u00ed proclama Laudato Si\u00b4. Por eso se concibe no como un cursillo s\u00f3lo te\u00f3rico, sino que incluyen talleres a modo de pr\u00e1cticas de los contenidos tratados. INEA, concretamente el CAPA; es el espacio que facilita este ritmo, de contemplaci\u00f3n y de las tareas de fomento de nuevos h\u00e1bitos: oraci\u00f3n en contacto con la naturaleza, dieta vegetariana y ecol\u00f3gica, pr\u00e1ctica de los quehaceres cotidianos de manera natural y ecol\u00f3gica. Un espacio junto a los Huertos Ecol\u00f3gicos que invitan a profundizar y sentir individualmente y como comunidad ecosolidaria.<\/p>\n<p><a href=\"http:\/\/www.ecoinea.org\/wp-content\/uploads\/2018\/06\/grupo-religiosos.jpg\"><img fetchpriority=\"high\" decoding=\"async\" class=\"aligncenter wp-image-1779 size-full\" src=\"http:\/\/www.ecoinea.org\/wp-content\/uploads\/2018\/06\/grupo-religiosos.jpg\" alt=\"\" width=\"830\" height=\"567\" srcset=\"http:\/\/www.ecoinea.org\/wp-content\/uploads\/2018\/06\/grupo-religiosos.jpg 830w, http:\/\/www.ecoinea.org\/wp-content\/uploads\/2018\/06\/grupo-religiosos-300x205.jpg 300w, http:\/\/www.ecoinea.org\/wp-content\/uploads\/2018\/06\/grupo-religiosos-768x525.jpg 768w\" sizes=\"(max-width: 830px) 100vw, 830px\" \/><\/a><\/p>\n","protected":false},"excerpt":{"rendered":"<p>Laudato Si\u00b4 inspira una\u00a0conversi\u00f3n ecol\u00f3gica que INEA abraza e impulsa para que se traduzca m\u00e1s en\u00a0las obras que en las palabras. Su proyecto \u2018agroecol\u00f3gico\u2019 es global e integrador de diversas iniciativas. Por ejemplo, esta semana un grupo de religiosos y creyentes participan en la II Semana te\u00f3rico-pr\u00e1ctica de vida consagrada ecosolidaria sum\u00e1ndose a esta misma &#8230; <a title=\"Un grupo de religiosos y laicos busca su conversi\u00f3n ecol\u00f3gica en INEA\" class=\"read-more\" href=\"http:\/\/www.ecoinea.org\/index.php\/2016\/07\/14\/un-grupo-de-religiosos-y-laicos-busca-su-conversion-ecologica-en-inea\/\">Leer m\u00e1s<span class=\"screen-reader-text\">Un grupo de religiosos y laicos busca su conversi\u00f3n ecol\u00f3gica en INEA<\/span><\/a><\/p>\n","protected":false},"author":1,"featured_media":0,"comment_status":"closed","ping_status":"closed","sticky":false,"template":"","format":"standard","meta":{"footnotes":""},"categories":[84,81],"tags":[125,96],"_links":{"self":[{"href":"http:\/\/www.ecoinea.org\/index.php\/wp-json\/wp\/v2\/posts\/646"}],"collection":[{"href":"http:\/\/www.ecoinea.org\/index.php\/wp-json\/wp\/v2\/posts"}],"about":[{"href":"http:\/\/www.ecoinea.org\/index.php\/wp-json\/wp\/v2\/types\/post"}],"author":[{"embeddable":true,"href":"http:\/\/www.ecoinea.org\/index.php\/wp-json\/wp\/v2\/users\/1"}],"replies":[{"embeddable":true,"href":"http:\/\/www.ecoinea.org\/index.php\/wp-json\/wp\/v2\/comments?post=646"}],"version-history":[{"count":2,"href":"http:\/\/www.ecoinea.org\/index.php\/wp-json\/wp\/v2\/posts\/646\/revisions"}],"predecessor-version":[{"id":1780,"href":"http:\/\/www.ecoinea.org\/index.php\/wp-json\/wp\/v2\/posts\/646\/revisions\/1780"}],"wp:attachment":[{"href":"http:\/\/www.ecoinea.org\/index.php\/wp-json\/wp\/v2\/media?parent=646"}],"wp:term":[{"taxonomy":"category","embeddable":true,"href":"http:\/\/www.ecoinea.org\/index.php\/wp-json\/wp\/v2\/categories?post=646"},{"taxonomy":"post_tag","embeddable":true,"href":"http:\/\/www.ecoinea.org\/index.php\/wp-json\/wp\/v2\/tags?post=646"}],"curies":[{"name":"wp","href":"https:\/\/api.w.org\/{rel}","templated":true}]}}