{"id":656,"date":"2016-08-11T11:29:11","date_gmt":"2016-08-11T11:29:11","guid":{"rendered":"http:\/\/pai.inea.org\/?p=656"},"modified":"2018-06-13T14:57:52","modified_gmt":"2018-06-13T14:57:52","slug":"2-de-septiembre-mercadillo-ecologico","status":"publish","type":"post","link":"http:\/\/www.ecoinea.org\/index.php\/2016\/08\/11\/2-de-septiembre-mercadillo-ecologico\/","title":{"rendered":"2 de septiembre, mercadillo ecol\u00f3gico"},"content":{"rendered":"<p>Una a\u00f1o m\u00e1s celebramos el mercadillo ecol\u00f3gico en INEA con la colaboraci\u00f3n y aportaciones de los usuarios de los huertos y con el fin de apoyar un proyecto solidario en esta ocasi\u00f3n en Chiapas, M\u00e9xico.<\/p>\n<p>Este a\u00f1o con ayuda de La Caixa queremos potenciar esta celebraci\u00f3n con la presencia de ongs, asociaciones y fundaciones a fin de que el d\u00eda resulte lo mejor posible para todos.<\/p>\n<p><a href=\"http:\/\/www.ecoinea.org\/wp-content\/uploads\/2018\/06\/programa-mercadillo-2016-2.jpg\"><img fetchpriority=\"high\" decoding=\"async\" class=\"aligncenter wp-image-1767 size-full\" src=\"http:\/\/www.ecoinea.org\/wp-content\/uploads\/2018\/06\/programa-mercadillo-2016-2.jpg\" alt=\"\" width=\"936\" height=\"1984\" srcset=\"http:\/\/www.ecoinea.org\/wp-content\/uploads\/2018\/06\/programa-mercadillo-2016-2.jpg 936w, http:\/\/www.ecoinea.org\/wp-content\/uploads\/2018\/06\/programa-mercadillo-2016-2-142x300.jpg 142w, http:\/\/www.ecoinea.org\/wp-content\/uploads\/2018\/06\/programa-mercadillo-2016-2-768x1628.jpg 768w, http:\/\/www.ecoinea.org\/wp-content\/uploads\/2018\/06\/programa-mercadillo-2016-2-483x1024.jpg 483w\" sizes=\"(max-width: 936px) 100vw, 936px\" \/><\/a><\/p>\n","protected":false},"excerpt":{"rendered":"<p>Una a\u00f1o m\u00e1s celebramos el mercadillo ecol\u00f3gico en INEA con la colaboraci\u00f3n y aportaciones de los usuarios de los huertos y con el fin de apoyar un proyecto solidario en esta ocasi\u00f3n en Chiapas, M\u00e9xico. Este a\u00f1o con ayuda de La Caixa queremos potenciar esta celebraci\u00f3n con la presencia de ongs, asociaciones y fundaciones a &#8230; <a title=\"2 de septiembre, mercadillo ecol\u00f3gico\" class=\"read-more\" href=\"http:\/\/www.ecoinea.org\/index.php\/2016\/08\/11\/2-de-septiembre-mercadillo-ecologico\/\">Leer m\u00e1s<span class=\"screen-reader-text\">2 de septiembre, mercadillo ecol\u00f3gico<\/span><\/a><\/p>\n","protected":false},"author":1,"featured_media":657,"comment_status":"closed","ping_status":"closed","sticky":false,"template":"","format":"standard","meta":{"footnotes":""},"categories":[84,82,81],"tags":[96,124,114],"_links":{"self":[{"href":"http:\/\/www.ecoinea.org\/index.php\/wp-json\/wp\/v2\/posts\/656"}],"collection":[{"href":"http:\/\/www.ecoinea.org\/index.php\/wp-json\/wp\/v2\/posts"}],"about":[{"href":"http:\/\/www.ecoinea.org\/index.php\/wp-json\/wp\/v2\/types\/post"}],"author":[{"embeddable":true,"href":"http:\/\/www.ecoinea.org\/index.php\/wp-json\/wp\/v2\/users\/1"}],"replies":[{"embeddable":true,"href":"http:\/\/www.ecoinea.org\/index.php\/wp-json\/wp\/v2\/comments?post=656"}],"version-history":[{"count":2,"href":"http:\/\/www.ecoinea.org\/index.php\/wp-json\/wp\/v2\/posts\/656\/revisions"}],"predecessor-version":[{"id":1768,"href":"http:\/\/www.ecoinea.org\/index.php\/wp-json\/wp\/v2\/posts\/656\/revisions\/1768"}],"wp:featuredmedia":[{"embeddable":true,"href":"http:\/\/www.ecoinea.org\/index.php\/wp-json\/"}],"wp:attachment":[{"href":"http:\/\/www.ecoinea.org\/index.php\/wp-json\/wp\/v2\/media?parent=656"}],"wp:term":[{"taxonomy":"category","embeddable":true,"href":"http:\/\/www.ecoinea.org\/index.php\/wp-json\/wp\/v2\/categories?post=656"},{"taxonomy":"post_tag","embeddable":true,"href":"http:\/\/www.ecoinea.org\/index.php\/wp-json\/wp\/v2\/tags?post=656"}],"curies":[{"name":"wp","href":"https:\/\/api.w.org\/{rel}","templated":true}]}}