{"id":670,"date":"2016-09-07T09:42:47","date_gmt":"2016-09-07T09:42:47","guid":{"rendered":"http:\/\/pai.inea.org\/?p=670"},"modified":"2018-06-13T14:55:19","modified_gmt":"2018-06-13T14:55:19","slug":"inea-celebra-el-xi-mercadillo-ecologico-y-solidario","status":"publish","type":"post","link":"http:\/\/www.ecoinea.org\/index.php\/2016\/09\/07\/inea-celebra-el-xi-mercadillo-ecologico-y-solidario\/","title":{"rendered":"INEA celebra el XI Mercadillo Ecol\u00f3gico y Solidario"},"content":{"rendered":"<p>Venta solidaria de hortalizas, comida campestre, juegos al aire libre, subastas, concursos y premios y sobre todo, encuentro de compa\u00f1eros. INEA ha celebrado el XI Mercadillo Ecol\u00f3gico y Solidario el pasado viernes y cerca de 300 personas vinculadas a la Compa\u00f1\u00eda de Jes\u00fas compartieron este d\u00eda. El principio es que jubilados y desempleados hortelanos de Valladolid venden sus productos de la huerta con un fin ben\u00e9fico y al final se desata un cadena solidaria que implica a muchas m\u00e1s personas y organizaciones: asociaciones de vecinos Barrio Espa\u00f1a y Santos-Pilarica, la Fundaci\u00f3n Intras que trabaja con enfermos mentales, Red Incola, Entreculturas, Intermon Oxfam y Come Sano Come Justo.<\/p>\n<div>El director de la Escuela de Ingenier\u00eda Agr\u00edcola, F\u00e9lix Revilla, inaugur\u00f3 la jornada acompa\u00f1ado de dos concejalas del Ayuntamiento de Valladolid: Mar\u00eda S\u00e1nchez, concejala de Medio Ambiente, y Rafaela Romero, de Servicios Sociales. Tambi\u00e9n asistieron representantes de la Fundaci\u00f3n La Caixa que apoya la tarea social de los huertos dirigidos por INEA. Cada a\u00f1o se anima mas gente a compartir este d\u00eda que se celebra a las puertas de las fiestas de la Virgen de San Lorenzo. La \u00fanica oportunidad del a\u00f1o para comprar los productos ecol\u00f3gicos de la huerta donados por los jubilados de los Huertos Ecol\u00f3gicos de INEA (430 hortelanos) y los desempleados de los Huertos Urbanos afincados en cuatro zonas de la ciudad. Todos los beneficios se destinar\u00e1n a la organizaci\u00f3n de talleres en agroecolog\u00eda para j\u00f3venes ind\u00edgenas cultivadores de caf\u00e9 en Chiapas, M\u00e9xico. \u00a0La Fundaci\u00f3n INEA y la tienda ecol\u00f3gica Come Sano Come Justo son distribuidores de este caf\u00e9 \u2013Capeltic- en Espa\u00f1a para promover el desarrollo de este colectivo integrado por cientos de familias que viven de su producci\u00f3n y mantienen su identidad tzeltal.<\/div>\n<div><\/div>\n<div>Esta actividad se enmarca dentro de un proyecto desarrollado por la Escuela de Ingenier\u00eda Agr\u00edcola INEA de Huertos Ecol\u00f3gicos y Huertos Urbanos que este curso ha sido galardonada por la Fundaci\u00f3n Foro Agrario con el premio Foro Agrario sobre Naturaci\u00f3n y Agricultura Urbana 2016. La Asociaci\u00f3n Asistencia de Ingenieros Agr\u00f3nomos, \u00a0el Colegio Oficial de Ingenieros Agr\u00f3nomos del Centro y Canarias y la Universidad Polit\u00e9cnica de Madrid reconocen as\u00ed su contribuci\u00f3n al impulso del desarrollo de los huertos como instrumento para mejorar el entorno de la ciudad, en sus facetas ornamental y alimentaria, y su incidencia positiva en el paisaje, medio ambiente, oferta de alimentos, ocupaci\u00f3n y relaciones sociales.<\/div>\n<div><\/div>\n<p><iframe src=\"https:\/\/www.youtube.com\/embed\/F66X68i02_4\" width=\"560\" height=\"315\" frameborder=\"0\" allowfullscreen=\"allowfullscreen\"><\/iframe><\/p>\n","protected":false},"excerpt":{"rendered":"<p>Venta solidaria de hortalizas, comida campestre, juegos al aire libre, subastas, concursos y premios y sobre todo, encuentro de compa\u00f1eros. INEA ha celebrado el XI Mercadillo Ecol\u00f3gico y Solidario el pasado viernes y cerca de 300 personas vinculadas a la Compa\u00f1\u00eda de Jes\u00fas compartieron este d\u00eda. El principio es que jubilados y desempleados hortelanos de &#8230; <a title=\"INEA celebra el XI Mercadillo Ecol\u00f3gico y Solidario\" class=\"read-more\" href=\"http:\/\/www.ecoinea.org\/index.php\/2016\/09\/07\/inea-celebra-el-xi-mercadillo-ecologico-y-solidario\/\">Leer m\u00e1s<span class=\"screen-reader-text\">INEA celebra el XI Mercadillo Ecol\u00f3gico y Solidario<\/span><\/a><\/p>\n","protected":false},"author":1,"featured_media":0,"comment_status":"closed","ping_status":"closed","sticky":false,"template":"","format":"standard","meta":{"footnotes":""},"categories":[82,81],"tags":[98,96,114],"_links":{"self":[{"href":"http:\/\/www.ecoinea.org\/index.php\/wp-json\/wp\/v2\/posts\/670"}],"collection":[{"href":"http:\/\/www.ecoinea.org\/index.php\/wp-json\/wp\/v2\/posts"}],"about":[{"href":"http:\/\/www.ecoinea.org\/index.php\/wp-json\/wp\/v2\/types\/post"}],"author":[{"embeddable":true,"href":"http:\/\/www.ecoinea.org\/index.php\/wp-json\/wp\/v2\/users\/1"}],"replies":[{"embeddable":true,"href":"http:\/\/www.ecoinea.org\/index.php\/wp-json\/wp\/v2\/comments?post=670"}],"version-history":[{"count":1,"href":"http:\/\/www.ecoinea.org\/index.php\/wp-json\/wp\/v2\/posts\/670\/revisions"}],"predecessor-version":[{"id":1507,"href":"http:\/\/www.ecoinea.org\/index.php\/wp-json\/wp\/v2\/posts\/670\/revisions\/1507"}],"wp:attachment":[{"href":"http:\/\/www.ecoinea.org\/index.php\/wp-json\/wp\/v2\/media?parent=670"}],"wp:term":[{"taxonomy":"category","embeddable":true,"href":"http:\/\/www.ecoinea.org\/index.php\/wp-json\/wp\/v2\/categories?post=670"},{"taxonomy":"post_tag","embeddable":true,"href":"http:\/\/www.ecoinea.org\/index.php\/wp-json\/wp\/v2\/tags?post=670"}],"curies":[{"name":"wp","href":"https:\/\/api.w.org\/{rel}","templated":true}]}}