{"id":673,"date":"2016-09-07T18:44:28","date_gmt":"2016-09-07T18:44:28","guid":{"rendered":"http:\/\/pai.inea.org\/?p=673"},"modified":"2018-06-13T14:54:46","modified_gmt":"2018-06-13T14:54:46","slug":"los-huertos-en-aqui-la-tierra-de-tve1","status":"publish","type":"post","link":"http:\/\/www.ecoinea.org\/index.php\/2016\/09\/07\/los-huertos-en-aqui-la-tierra-de-tve1\/","title":{"rendered":"Los Huertos en aqu\u00ed la tierra de tve1"},"content":{"rendered":"<div><\/div>\n<div>El 6 de septiembre se emiti\u00f3 en la 1 de tve este peque\u00f1o documento gr\u00e1fico sobre algunos de nuestros hortelanos y sobre el Proyecto de Inea.<\/div>\n<div><\/div>\n<div><iframe src=\"http:\/\/www.rtve.es\/drmn\/embed\/video\/3712114\" width=\"320\" height=\"240\" frameborder=\"0\"><\/iframe><\/div>\n","protected":false},"excerpt":{"rendered":"<p>El 6 de septiembre se emiti\u00f3 en la 1 de tve este peque\u00f1o documento gr\u00e1fico sobre algunos de nuestros hortelanos y sobre el Proyecto de Inea.<\/p>\n","protected":false},"author":1,"featured_media":0,"comment_status":"closed","ping_status":"closed","sticky":false,"template":"","format":"standard","meta":{"footnotes":""},"categories":[82,81],"tags":[98,96,101],"_links":{"self":[{"href":"http:\/\/www.ecoinea.org\/index.php\/wp-json\/wp\/v2\/posts\/673"}],"collection":[{"href":"http:\/\/www.ecoinea.org\/index.php\/wp-json\/wp\/v2\/posts"}],"about":[{"href":"http:\/\/www.ecoinea.org\/index.php\/wp-json\/wp\/v2\/types\/post"}],"author":[{"embeddable":true,"href":"http:\/\/www.ecoinea.org\/index.php\/wp-json\/wp\/v2\/users\/1"}],"replies":[{"embeddable":true,"href":"http:\/\/www.ecoinea.org\/index.php\/wp-json\/wp\/v2\/comments?post=673"}],"version-history":[{"count":3,"href":"http:\/\/www.ecoinea.org\/index.php\/wp-json\/wp\/v2\/posts\/673\/revisions"}],"predecessor-version":[{"id":1881,"href":"http:\/\/www.ecoinea.org\/index.php\/wp-json\/wp\/v2\/posts\/673\/revisions\/1881"}],"wp:attachment":[{"href":"http:\/\/www.ecoinea.org\/index.php\/wp-json\/wp\/v2\/media?parent=673"}],"wp:term":[{"taxonomy":"category","embeddable":true,"href":"http:\/\/www.ecoinea.org\/index.php\/wp-json\/wp\/v2\/categories?post=673"},{"taxonomy":"post_tag","embeddable":true,"href":"http:\/\/www.ecoinea.org\/index.php\/wp-json\/wp\/v2\/tags?post=673"}],"curies":[{"name":"wp","href":"https:\/\/api.w.org\/{rel}","templated":true}]}}