{"id":687,"date":"2016-10-21T10:43:25","date_gmt":"2016-10-21T10:43:25","guid":{"rendered":"http:\/\/pai.inea.org\/?p=687"},"modified":"2018-06-13T14:51:30","modified_gmt":"2018-06-13T14:51:30","slug":"los-martes-verdes","status":"publish","type":"post","link":"http:\/\/www.ecoinea.org\/index.php\/2016\/10\/21\/los-martes-verdes\/","title":{"rendered":"Los martes verdes"},"content":{"rendered":"<p>Los martes verdes, una iniciativa de grupos de Valladolid que quieren trabajar el tema de concienciaci\u00f3n sobre los problemas ambientales y el consumo responsable. Los martes verdes pueden aglutinar un gran variedad de iniciativas que tengan que ver con estos temas: Un d\u00eda para llevar vestido alguna prenda de color verde, para comer alg\u00fan producto ecol\u00f3gico, para usar transporte p\u00fablico o colectivo, para ahorrar agua o luz, para leer alg\u00fan art\u00edculo sobre temas de ecolog\u00eda&#8230; las posibilidades son m\u00faltiples. en el espacio educativo las posibilidades a\u00fan son mayores para los docentes y educadores&#8230; Detr\u00e1s de esta iniciativa est\u00e1 tambi\u00e9n come sano come justo e INEA&#8230; por tanto si quieres ayuda en este sentido contacta con nosotros&#8230; estamos disponibles&#8230;<\/p>\n","protected":false},"excerpt":{"rendered":"<p>Los martes verdes, una iniciativa de grupos de Valladolid que quieren trabajar el tema de concienciaci\u00f3n sobre los problemas ambientales y el consumo responsable. Los martes verdes pueden aglutinar un gran variedad de iniciativas que tengan que ver con estos temas: Un d\u00eda para llevar vestido alguna prenda de color verde, para comer alg\u00fan producto &#8230; <a title=\"Los martes verdes\" class=\"read-more\" href=\"http:\/\/www.ecoinea.org\/index.php\/2016\/10\/21\/los-martes-verdes\/\">Leer m\u00e1s<span class=\"screen-reader-text\">Los martes verdes<\/span><\/a><\/p>\n","protected":false},"author":1,"featured_media":688,"comment_status":"closed","ping_status":"closed","sticky":false,"template":"","format":"standard","meta":{"footnotes":""},"categories":[81],"tags":[115,96,121],"_links":{"self":[{"href":"http:\/\/www.ecoinea.org\/index.php\/wp-json\/wp\/v2\/posts\/687"}],"collection":[{"href":"http:\/\/www.ecoinea.org\/index.php\/wp-json\/wp\/v2\/posts"}],"about":[{"href":"http:\/\/www.ecoinea.org\/index.php\/wp-json\/wp\/v2\/types\/post"}],"author":[{"embeddable":true,"href":"http:\/\/www.ecoinea.org\/index.php\/wp-json\/wp\/v2\/users\/1"}],"replies":[{"embeddable":true,"href":"http:\/\/www.ecoinea.org\/index.php\/wp-json\/wp\/v2\/comments?post=687"}],"version-history":[{"count":1,"href":"http:\/\/www.ecoinea.org\/index.php\/wp-json\/wp\/v2\/posts\/687\/revisions"}],"predecessor-version":[{"id":1503,"href":"http:\/\/www.ecoinea.org\/index.php\/wp-json\/wp\/v2\/posts\/687\/revisions\/1503"}],"wp:featuredmedia":[{"embeddable":true,"href":"http:\/\/www.ecoinea.org\/index.php\/wp-json\/"}],"wp:attachment":[{"href":"http:\/\/www.ecoinea.org\/index.php\/wp-json\/wp\/v2\/media?parent=687"}],"wp:term":[{"taxonomy":"category","embeddable":true,"href":"http:\/\/www.ecoinea.org\/index.php\/wp-json\/wp\/v2\/categories?post=687"},{"taxonomy":"post_tag","embeddable":true,"href":"http:\/\/www.ecoinea.org\/index.php\/wp-json\/wp\/v2\/tags?post=687"}],"curies":[{"name":"wp","href":"https:\/\/api.w.org\/{rel}","templated":true}]}}