{"id":690,"date":"2016-10-24T09:34:54","date_gmt":"2016-10-24T09:34:54","guid":{"rendered":"http:\/\/pai.inea.org\/?p=690"},"modified":"2018-06-13T14:50:44","modified_gmt":"2018-06-13T14:50:44","slug":"charla-sobre-la-amazonia","status":"publish","type":"post","link":"http:\/\/www.ecoinea.org\/index.php\/2016\/10\/24\/charla-sobre-la-amazonia\/","title":{"rendered":"Charla sobre la Amazon\u00eda"},"content":{"rendered":"<p>El pasado 11 de Octubre de 10,30 a 12,30 tuvo lugar en Inea una interesante charla sobre la Amazonia de Fernadno y Arizate miembros de un equipo itinerante de la Iglesia Cat\u00f3lica que se dedica a recorrer diversos puntos de la cuenca del Amazonas para documentar los problemas y situaciones de los pueblos ind\u00edgenas.La charla fue posible gracias a la campa\u00f1a de Entreculturas.<\/p>\n<p>La charla tuvo un gran inter\u00e9s y es dif\u00edcil de resumir en una l\u00edneas&#8230; pero quedaron algunas frases para el recuerdo y tambi\u00e9n algunos conceptos. La selva en la que vivimos nosotros no es posible sin la existencia de la otra selva, la amaz\u00f3nica&#8230; y nosottros y nuestros modo de vida hiperconsummista se la est\u00e1 cargando&#8230; sin darnos cuenta de que nos cargamos nuestro propio futuro. La gran importancia de los pueblos ind\u00edgenas que suponen para el resto de la humanidad: son el testimonio vivo de cultura, de formas de vivir en relaci\u00f3n y conexi\u00f3n con la Natualeza, son la expresi\u00f3n m\u00e1xima de libertad&#8230;. Los intereses de las grandes empresas no respetan nada en este mundo en el que vivimos y es nuestra responsabilidad diaria luchar contra esto. Debemos vivir m\u00e1s coenctados con el mundo y con la naturaleza. Hay gente que da su vida por ello como el jesuita Vicente Ca\u00f1as asesinado en el Amazonas hace ahora treinta a\u00f1os&#8230; y mucahs m\u00e1s cosas que pudimos<\/p>\n","protected":false},"excerpt":{"rendered":"<p>El pasado 11 de Octubre de 10,30 a 12,30 tuvo lugar en Inea una interesante charla sobre la Amazonia de Fernadno y Arizate miembros de un equipo itinerante de la Iglesia Cat\u00f3lica que se dedica a recorrer diversos puntos de la cuenca del Amazonas para documentar los problemas y situaciones de los pueblos ind\u00edgenas.La charla &#8230; <a title=\"Charla sobre la Amazon\u00eda\" class=\"read-more\" href=\"http:\/\/www.ecoinea.org\/index.php\/2016\/10\/24\/charla-sobre-la-amazonia\/\">Leer m\u00e1s<span class=\"screen-reader-text\">Charla sobre la Amazon\u00eda<\/span><\/a><\/p>\n","protected":false},"author":1,"featured_media":691,"comment_status":"closed","ping_status":"closed","sticky":false,"template":"","format":"standard","meta":{"footnotes":""},"categories":[81],"tags":[91],"_links":{"self":[{"href":"http:\/\/www.ecoinea.org\/index.php\/wp-json\/wp\/v2\/posts\/690"}],"collection":[{"href":"http:\/\/www.ecoinea.org\/index.php\/wp-json\/wp\/v2\/posts"}],"about":[{"href":"http:\/\/www.ecoinea.org\/index.php\/wp-json\/wp\/v2\/types\/post"}],"author":[{"embeddable":true,"href":"http:\/\/www.ecoinea.org\/index.php\/wp-json\/wp\/v2\/users\/1"}],"replies":[{"embeddable":true,"href":"http:\/\/www.ecoinea.org\/index.php\/wp-json\/wp\/v2\/comments?post=690"}],"version-history":[{"count":2,"href":"http:\/\/www.ecoinea.org\/index.php\/wp-json\/wp\/v2\/posts\/690\/revisions"}],"predecessor-version":[{"id":1876,"href":"http:\/\/www.ecoinea.org\/index.php\/wp-json\/wp\/v2\/posts\/690\/revisions\/1876"}],"wp:featuredmedia":[{"embeddable":true,"href":"http:\/\/www.ecoinea.org\/index.php\/wp-json\/"}],"wp:attachment":[{"href":"http:\/\/www.ecoinea.org\/index.php\/wp-json\/wp\/v2\/media?parent=690"}],"wp:term":[{"taxonomy":"category","embeddable":true,"href":"http:\/\/www.ecoinea.org\/index.php\/wp-json\/wp\/v2\/categories?post=690"},{"taxonomy":"post_tag","embeddable":true,"href":"http:\/\/www.ecoinea.org\/index.php\/wp-json\/wp\/v2\/tags?post=690"}],"curies":[{"name":"wp","href":"https:\/\/api.w.org\/{rel}","templated":true}]}}