{"id":693,"date":"2016-10-24T09:36:32","date_gmt":"2016-10-24T09:36:32","guid":{"rendered":"http:\/\/pai.inea.org\/?p=693"},"modified":"2018-06-13T14:49:48","modified_gmt":"2018-06-13T14:49:48","slug":"jornada-sobre-cultivos-alternativos","status":"publish","type":"post","link":"http:\/\/www.ecoinea.org\/index.php\/2016\/10\/24\/jornada-sobre-cultivos-alternativos\/","title":{"rendered":"Jornada sobre cultivos alternativos"},"content":{"rendered":"<div>La Diputaci\u00f3n de Valladolid y la Escuela de Ingenier\u00eda Agr\u00edcola de la Uva colaboran para hacer frente de manera eficaz a la situaci\u00f3n actual de la agricultura en la provincia: cultivos de secano muy repetitivos y cultivos de regad\u00edo con poca rentabilidad y escasa diversidad. Ante esta realidad, firmaron un convenio de colaboraci\u00f3n con el fin de desarrollar un programa de Cultivos Alternativos cuyos primeros frutos se presentar\u00e1n en las jornadas del pr\u00f3ximo 27 de octubre. En este encuentro de agricultores, universitarios y p\u00fablico en general, se dar\u00e1 a conocer un estudio de campo que demuestra las posibilidades de los Cultivos Alternativos y Ecol\u00f3gicos. Tambi\u00e9n se confirma la existencia de agricultores j\u00f3venes, innovadores y que arriesgan por encontrar nuevas l\u00edneas productivas que les permita establecerse en el medio rural. Los Cultivos Alternativos y los ecol\u00f3gicos representan actualmente una alternativa<\/div>\n<div><\/div>\n<div>Programa de las jornadas Cultivos Alternativos<\/div>\n<div>Jueves 27 de octubre en la Escuela de Ingenier\u00eda Agr\u00edcola INEA<\/div>\n<div>Camino Viejo de Simancas km 4,5<\/div>\n<div><\/div>\n<div>\u2022 9:30 a 10.00 h. Recepci\u00f3n de asistentes en el Sal\u00f3n de Actos de INEA y entrega de documentaci\u00f3n.<\/div>\n<div><\/div>\n<div>\u2022 10:00 a 10:15 h. Acto de inauguraci\u00f3n.<\/div>\n<div><\/div>\n<div>\u2022 10:15 a 10:45 h. Presentaci\u00f3n de la p\u00e1gina web elaborada por INEA para el proyecto de Cultivos Alternativos en la provincia de Valladolid, y resultados del trabajo realizado. Laura Cobos Alonso. Ingeniero Agr\u00f3nomo y Responsable T\u00e9cnico Cultivos Alternativos INEA.<\/div>\n<div><\/div>\n<div>\u2022 10:45 a 11:15 h. Caf\u00e9<\/div>\n<div><\/div>\n<div>\u2022 11:15 a 12:30 h. Mesa Redonda CULTIVOS ALTERNATIVOS. Modera: Abel Barrios Casado, Dr. Ingeniero Agr\u00f3nomo y Docente en INEA.<\/div>\n<div><\/div>\n<div>\u2022 12:30 a 13:45 h. Mesa Redonda CULTIVOS y PRODUCCI\u00d3N ECOL\u00d3GICA. Modera: Juan Luis Fradejas. Graduado Agr\u00edcola y Coordinador del M\u00e1ster en Agroecolog\u00eda INEA.<\/div>\n<div><\/div>\n<div>\u2022 13:45 a 14:00 h. Clausura del acto<\/div>\n<div><\/div>\n<div>\u2022 14:00 h. Vino espa\u00f1ol<\/div>\n<div><\/div>\n","protected":false},"excerpt":{"rendered":"<p>La Diputaci\u00f3n de Valladolid y la Escuela de Ingenier\u00eda Agr\u00edcola de la Uva colaboran para hacer frente de manera eficaz a la situaci\u00f3n actual de la agricultura en la provincia: cultivos de secano muy repetitivos y cultivos de regad\u00edo con poca rentabilidad y escasa diversidad. Ante esta realidad, firmaron un convenio de colaboraci\u00f3n con el &#8230; <a title=\"Jornada sobre cultivos alternativos\" class=\"read-more\" href=\"http:\/\/www.ecoinea.org\/index.php\/2016\/10\/24\/jornada-sobre-cultivos-alternativos\/\">Leer m\u00e1s<span class=\"screen-reader-text\">Jornada sobre cultivos alternativos<\/span><\/a><\/p>\n","protected":false},"author":1,"featured_media":0,"comment_status":"closed","ping_status":"closed","sticky":false,"template":"","format":"standard","meta":{"footnotes":""},"categories":[85,81],"tags":[120],"_links":{"self":[{"href":"http:\/\/www.ecoinea.org\/index.php\/wp-json\/wp\/v2\/posts\/693"}],"collection":[{"href":"http:\/\/www.ecoinea.org\/index.php\/wp-json\/wp\/v2\/posts"}],"about":[{"href":"http:\/\/www.ecoinea.org\/index.php\/wp-json\/wp\/v2\/types\/post"}],"author":[{"embeddable":true,"href":"http:\/\/www.ecoinea.org\/index.php\/wp-json\/wp\/v2\/users\/1"}],"replies":[{"embeddable":true,"href":"http:\/\/www.ecoinea.org\/index.php\/wp-json\/wp\/v2\/comments?post=693"}],"version-history":[{"count":2,"href":"http:\/\/www.ecoinea.org\/index.php\/wp-json\/wp\/v2\/posts\/693\/revisions"}],"predecessor-version":[{"id":1253,"href":"http:\/\/www.ecoinea.org\/index.php\/wp-json\/wp\/v2\/posts\/693\/revisions\/1253"}],"wp:attachment":[{"href":"http:\/\/www.ecoinea.org\/index.php\/wp-json\/wp\/v2\/media?parent=693"}],"wp:term":[{"taxonomy":"category","embeddable":true,"href":"http:\/\/www.ecoinea.org\/index.php\/wp-json\/wp\/v2\/categories?post=693"},{"taxonomy":"post_tag","embeddable":true,"href":"http:\/\/www.ecoinea.org\/index.php\/wp-json\/wp\/v2\/tags?post=693"}],"curies":[{"name":"wp","href":"https:\/\/api.w.org\/{rel}","templated":true}]}}