{"id":696,"date":"2016-11-10T08:15:19","date_gmt":"2016-11-10T08:15:19","guid":{"rendered":"http:\/\/pai.inea.org\/?p=696"},"modified":"2018-06-13T14:49:12","modified_gmt":"2018-06-13T14:49:12","slug":"memoria-de-huertos-ecologicos-y-huertos-urbanos","status":"publish","type":"post","link":"http:\/\/www.ecoinea.org\/index.php\/2016\/11\/10\/memoria-de-huertos-ecologicos-y-huertos-urbanos\/","title":{"rendered":"Memoria de Huertos ecol\u00f3gicos y Huertos Urbanos"},"content":{"rendered":"<p>Al finalizar la campa\u00f1a hemos elaborado la Memoria de actividad tanto de huertos urbanos como de Huertos ecol\u00f3gicos donde tratamos de recoger lo principal que se ha hecho a lo largo de los mesess. Es imposible recoger toda la vida que fluye en el entorno de los huertos pues es mucho lo que se vive cada d\u00eda&#8230; No obstante lo que aqu\u00ed se ve y se lee da idea de las muchas cosas hermosas que se viven.<\/p>\n<p>El trabajo de acompa\u00f1ar los huertos lo han hecho Laura Dom\u00ednguez y Raquel Campo a los que agradecemos su profesionalidad y entrega. \u00a0Se adjuntan ambas memorias<\/p>\n<p><strong><a href=\"http:\/\/pai.inea.org\/wp-content\/uploads\/2016\/11\/memoria7.11.2016.pdf\" target=\"_blank\" rel=\"noopener\">Memoria 7.11.2016<\/a><\/strong><\/p>\n<p><strong><a href=\"http:\/\/pai.inea.org\/wp-content\/uploads\/2016\/11\/memoria-2016MEJOR-CALIDAD.pdf\" target=\"_blank\" rel=\"noopener\">Memoria 2016 MEJOR CALIDAD<\/a><\/strong><\/p>\n","protected":false},"excerpt":{"rendered":"<p>Al finalizar la campa\u00f1a hemos elaborado la Memoria de actividad tanto de huertos urbanos como de Huertos ecol\u00f3gicos donde tratamos de recoger lo principal que se ha hecho a lo largo de los mesess. Es imposible recoger toda la vida que fluye en el entorno de los huertos pues es mucho lo que se vive &#8230; <a title=\"Memoria de Huertos ecol\u00f3gicos y Huertos Urbanos\" class=\"read-more\" href=\"http:\/\/www.ecoinea.org\/index.php\/2016\/11\/10\/memoria-de-huertos-ecologicos-y-huertos-urbanos\/\">Leer m\u00e1s<span class=\"screen-reader-text\">Memoria de Huertos ecol\u00f3gicos y Huertos Urbanos<\/span><\/a><\/p>\n","protected":false},"author":1,"featured_media":632,"comment_status":"closed","ping_status":"closed","sticky":false,"template":"","format":"standard","meta":{"footnotes":""},"categories":[82,81],"tags":[88],"_links":{"self":[{"href":"http:\/\/www.ecoinea.org\/index.php\/wp-json\/wp\/v2\/posts\/696"}],"collection":[{"href":"http:\/\/www.ecoinea.org\/index.php\/wp-json\/wp\/v2\/posts"}],"about":[{"href":"http:\/\/www.ecoinea.org\/index.php\/wp-json\/wp\/v2\/types\/post"}],"author":[{"embeddable":true,"href":"http:\/\/www.ecoinea.org\/index.php\/wp-json\/wp\/v2\/users\/1"}],"replies":[{"embeddable":true,"href":"http:\/\/www.ecoinea.org\/index.php\/wp-json\/wp\/v2\/comments?post=696"}],"version-history":[{"count":2,"href":"http:\/\/www.ecoinea.org\/index.php\/wp-json\/wp\/v2\/posts\/696\/revisions"}],"predecessor-version":[{"id":1250,"href":"http:\/\/www.ecoinea.org\/index.php\/wp-json\/wp\/v2\/posts\/696\/revisions\/1250"}],"wp:featuredmedia":[{"embeddable":true,"href":"http:\/\/www.ecoinea.org\/index.php\/wp-json\/"}],"wp:attachment":[{"href":"http:\/\/www.ecoinea.org\/index.php\/wp-json\/wp\/v2\/media?parent=696"}],"wp:term":[{"taxonomy":"category","embeddable":true,"href":"http:\/\/www.ecoinea.org\/index.php\/wp-json\/wp\/v2\/categories?post=696"},{"taxonomy":"post_tag","embeddable":true,"href":"http:\/\/www.ecoinea.org\/index.php\/wp-json\/wp\/v2\/tags?post=696"}],"curies":[{"name":"wp","href":"https:\/\/api.w.org\/{rel}","templated":true}]}}