{"id":706,"date":"2016-12-02T10:15:44","date_gmt":"2016-12-02T10:15:44","guid":{"rendered":"http:\/\/pai.inea.org\/?p=706"},"modified":"2018-06-13T14:48:26","modified_gmt":"2018-06-13T14:48:26","slug":"jornada-sobre-agricultura-ecologica-con-cajamar","status":"publish","type":"post","link":"http:\/\/www.ecoinea.org\/index.php\/2016\/12\/02\/jornada-sobre-agricultura-ecologica-con-cajamar\/","title":{"rendered":"Jornada sobre agricultura ecol\u00f3gica con CAJAMAR"},"content":{"rendered":"<p dir=\"ltr\">La jornada t\u00e9cnica agroalimentaria<b>\u00a0\u2018Foro de agricultura ecol\u00f3gica: hablemos de agricultura ecol\u00f3gica #LosMartesVerdes\u2019<\/b>\u00a0organizada por INEA y Cajamar Caja Rural, en colaboraci\u00f3n con el CSIC, CAECYL y la Junta de Castilla y Le\u00f3n, tendr\u00e1 lugar el<b>\u00a0d\u00eda 13 de diciembre<\/b>\u00a0a las<b>\u00a016:30<\/b><b>\u00a0horas<\/b>\u00a0en el<b>sal\u00f3n de actos de Cajamar<\/b>\u00a0(Calle Miguel \u00cdscar, n.\u00ba 1 &#8211; Valladolid).<\/p>\n<p dir=\"ltr\">La agricultura ecol\u00f3gica es una alternativa a nuestros sistemas de producci\u00f3n actuales que est\u00e1 ganando terreno en Espa\u00f1a y se ha convertido en una opci\u00f3n para muchos agricultores y ganaderos, as\u00ed como en una demanda para el consumidor final que busca cada vez productos m\u00e1s sanos y respetuosos con el medio ambiente.<\/p>\n<p dir=\"ltr\">Desde Cajamar e INEA, Escuela de Ingenier\u00eda Agraria de Valladolid os queremos invitar a esta jornada t\u00e9cnica para aprender qu\u00e9 otros sistemas de producci\u00f3n alternativos pueden ser viables en Castilla y Le\u00f3n, as\u00ed como exponer el marco legal y algunas experiencias de \u00e9xito de cultivos ecol\u00f3gicos en Valladolid por parte de INEA. La jornada est\u00e1 abierta a t\u00e9cnicos, estudiantes, operadores ecol\u00f3gicos de Castilla y Le\u00f3n, empresas relacionadas y personas interesadas.<\/p>\n<p dir=\"ltr\">Se celebrar\u00e1 en martes ya que forma parte de una iniciativa de INEA que pretende vincular el martes a la concienciaci\u00f3n y aprendizaje ecol\u00f3gico, #LosMartesVerdes.<\/p>\n<p dir=\"ltr\">Para asistir a la jornada ser\u00e1 necesaria inscripci\u00f3n previa a trav\u00e9s de este<a href=\"http:\/\/www.fundacioncajamar.es\/es\/comun\/formularios\/alta-evento\/hablemosecologico\/\" target=\"_blank\" rel=\"noopener\" data-saferedirecturl=\"https:\/\/www.google.com\/url?hl=es&amp;q=http:\/\/www.fundacioncajamar.es\/es\/comun\/formularios\/alta-evento\/hablemosecologico\/&amp;source=gmail&amp;ust=1480757071505000&amp;usg=AFQjCNE6I-RmoWxPZp6Dii4wR4QDBHdWyA\">\u00a0formulario online<\/a>.<\/p>\n<p dir=\"ltr\">M\u00e1s informaci\u00f3n en el tel\u00e9fono\u00a0<a href=\"tel:672%2047%2008%2040\" target=\"_blank\" rel=\"noopener\">672470840<\/a>\u00a0o en el e-mail<a href=\"mailto:jlfrasas@inea.uva.es\" target=\"_blank\" rel=\"noopener\">\u00a0jlfrasas@inea.uva.es<\/a>.<\/p>\n","protected":false},"excerpt":{"rendered":"<p>La jornada t\u00e9cnica agroalimentaria\u00a0\u2018Foro de agricultura ecol\u00f3gica: hablemos de agricultura ecol\u00f3gica #LosMartesVerdes\u2019\u00a0organizada por INEA y Cajamar Caja Rural, en colaboraci\u00f3n con el CSIC, CAECYL y la Junta de Castilla y Le\u00f3n, tendr\u00e1 lugar el\u00a0d\u00eda 13 de diciembre\u00a0a las\u00a016:30\u00a0horas\u00a0en elsal\u00f3n de actos de Cajamar\u00a0(Calle Miguel \u00cdscar, n.\u00ba 1 &#8211; Valladolid). La agricultura ecol\u00f3gica es una alternativa &#8230; <a title=\"Jornada sobre agricultura ecol\u00f3gica con CAJAMAR\" class=\"read-more\" href=\"http:\/\/www.ecoinea.org\/index.php\/2016\/12\/02\/jornada-sobre-agricultura-ecologica-con-cajamar\/\">Leer m\u00e1s<span class=\"screen-reader-text\">Jornada sobre agricultura ecol\u00f3gica con CAJAMAR<\/span><\/a><\/p>\n","protected":false},"author":1,"featured_media":707,"comment_status":"closed","ping_status":"closed","sticky":false,"template":"","format":"standard","meta":{"footnotes":""},"categories":[82,81],"tags":[89,119],"_links":{"self":[{"href":"http:\/\/www.ecoinea.org\/index.php\/wp-json\/wp\/v2\/posts\/706"}],"collection":[{"href":"http:\/\/www.ecoinea.org\/index.php\/wp-json\/wp\/v2\/posts"}],"about":[{"href":"http:\/\/www.ecoinea.org\/index.php\/wp-json\/wp\/v2\/types\/post"}],"author":[{"embeddable":true,"href":"http:\/\/www.ecoinea.org\/index.php\/wp-json\/wp\/v2\/users\/1"}],"replies":[{"embeddable":true,"href":"http:\/\/www.ecoinea.org\/index.php\/wp-json\/wp\/v2\/comments?post=706"}],"version-history":[{"count":1,"href":"http:\/\/www.ecoinea.org\/index.php\/wp-json\/wp\/v2\/posts\/706\/revisions"}],"predecessor-version":[{"id":1242,"href":"http:\/\/www.ecoinea.org\/index.php\/wp-json\/wp\/v2\/posts\/706\/revisions\/1242"}],"wp:featuredmedia":[{"embeddable":true,"href":"http:\/\/www.ecoinea.org\/index.php\/wp-json\/"}],"wp:attachment":[{"href":"http:\/\/www.ecoinea.org\/index.php\/wp-json\/wp\/v2\/media?parent=706"}],"wp:term":[{"taxonomy":"category","embeddable":true,"href":"http:\/\/www.ecoinea.org\/index.php\/wp-json\/wp\/v2\/categories?post=706"},{"taxonomy":"post_tag","embeddable":true,"href":"http:\/\/www.ecoinea.org\/index.php\/wp-json\/wp\/v2\/tags?post=706"}],"curies":[{"name":"wp","href":"https:\/\/api.w.org\/{rel}","templated":true}]}}