{"id":728,"date":"2017-11-11T18:32:05","date_gmt":"2017-11-11T18:32:05","guid":{"rendered":"http:\/\/pai.inea.org\/?p=728"},"modified":"2018-06-13T14:43:45","modified_gmt":"2018-06-13T14:43:45","slug":"curso-de-gestion-integrada-de-plags","status":"publish","type":"post","link":"http:\/\/www.ecoinea.org\/index.php\/2017\/11\/11\/curso-de-gestion-integrada-de-plags\/","title":{"rendered":"Curso de Gesti\u00f3n Integrada de Plagas"},"content":{"rendered":"<p>Inea ha comenzado a impartir el curso de Gesti\u00f3n Integrada de Plagas On line de 3 cr\u00e9ditos (75 horas). este curso adem\u00e1s se puede financiar por Formaci\u00f3n Continua. Queda poco tiempo para que acabe el a\u00f1o y muchas empresas a\u00fan no han agotado el cr\u00e9dito de formaci\u00f3n continua de que disponen. Se adjunta el Programa y caracter\u00edsticas del curso.<\/p>\n","protected":false},"excerpt":{"rendered":"<p>Inea ha comenzado a impartir el curso de Gesti\u00f3n Integrada de Plagas On line de 3 cr\u00e9ditos (75 horas). este curso adem\u00e1s se puede financiar por Formaci\u00f3n Continua. Queda poco tiempo para que acabe el a\u00f1o y muchas empresas a\u00fan no han agotado el cr\u00e9dito de formaci\u00f3n continua de que disponen. Se adjunta el Programa &#8230; <a title=\"Curso de Gesti\u00f3n Integrada de Plagas\" class=\"read-more\" href=\"http:\/\/www.ecoinea.org\/index.php\/2017\/11\/11\/curso-de-gestion-integrada-de-plags\/\">Leer m\u00e1s<span class=\"screen-reader-text\">Curso de Gesti\u00f3n Integrada de Plagas<\/span><\/a><\/p>\n","protected":false},"author":1,"featured_media":729,"comment_status":"closed","ping_status":"closed","sticky":false,"template":"","format":"standard","meta":{"footnotes":""},"categories":[83,81],"tags":[93,96],"_links":{"self":[{"href":"http:\/\/www.ecoinea.org\/index.php\/wp-json\/wp\/v2\/posts\/728"}],"collection":[{"href":"http:\/\/www.ecoinea.org\/index.php\/wp-json\/wp\/v2\/posts"}],"about":[{"href":"http:\/\/www.ecoinea.org\/index.php\/wp-json\/wp\/v2\/types\/post"}],"author":[{"embeddable":true,"href":"http:\/\/www.ecoinea.org\/index.php\/wp-json\/wp\/v2\/users\/1"}],"replies":[{"embeddable":true,"href":"http:\/\/www.ecoinea.org\/index.php\/wp-json\/wp\/v2\/comments?post=728"}],"version-history":[{"count":1,"href":"http:\/\/www.ecoinea.org\/index.php\/wp-json\/wp\/v2\/posts\/728\/revisions"}],"predecessor-version":[{"id":1498,"href":"http:\/\/www.ecoinea.org\/index.php\/wp-json\/wp\/v2\/posts\/728\/revisions\/1498"}],"wp:featuredmedia":[{"embeddable":true,"href":"http:\/\/www.ecoinea.org\/index.php\/wp-json\/"}],"wp:attachment":[{"href":"http:\/\/www.ecoinea.org\/index.php\/wp-json\/wp\/v2\/media?parent=728"}],"wp:term":[{"taxonomy":"category","embeddable":true,"href":"http:\/\/www.ecoinea.org\/index.php\/wp-json\/wp\/v2\/categories?post=728"},{"taxonomy":"post_tag","embeddable":true,"href":"http:\/\/www.ecoinea.org\/index.php\/wp-json\/wp\/v2\/tags?post=728"}],"curies":[{"name":"wp","href":"https:\/\/api.w.org\/{rel}","templated":true}]}}