{"id":733,"date":"2017-11-12T11:37:16","date_gmt":"2017-11-12T11:37:16","guid":{"rendered":"http:\/\/pai.inea.org\/?p=733"},"modified":"2018-06-13T14:43:11","modified_gmt":"2018-06-13T14:43:11","slug":"finalista-en-el-iv-concurso-de-huertos-sociales","status":"publish","type":"post","link":"http:\/\/www.ecoinea.org\/index.php\/2017\/11\/12\/finalista-en-el-iv-concurso-de-huertos-sociales\/","title":{"rendered":"Finalista en el IV Concurso de huertos sociales"},"content":{"rendered":"<p>Este Premio est\u00e1 convocado por la Asociaci\u00f3n Vida Sana (SEAE) y Triodos Bank. INEA ha participado con los huertos adaptados para personas con discapacidad y ha resultaddo uno de los 7 finalistas a nivel nacional, aunque finalmente no obtuvo premio.\u00a0 Este concurso se lleva promoviendo desde hace unos a\u00f1os y no s\u00f3lo estimula la creatividd sino que tambi\u00e9n pone sobre la mesa las cientos de iniciativas que hay sobre huertos ecol\u00f3gicos educativos y sociales a lo largo de todo el pa\u00eds. Se han presentado m\u00e1s de 400 proyectos.<\/p>\n<p><a href=\"http:\/\/www.ecoinea.org\/wp-content\/uploads\/2018\/06\/20170515_Huertos-discapacitados-INEA03-e1494870942873-768x434.jpeg\"><img fetchpriority=\"high\" decoding=\"async\" class=\"aligncenter wp-image-128 size-full\" src=\"http:\/\/www.ecoinea.org\/wp-content\/uploads\/2018\/06\/20170515_Huertos-discapacitados-INEA03-e1494870942873-768x434.jpeg\" alt=\"\" width=\"768\" height=\"434\" srcset=\"http:\/\/www.ecoinea.org\/wp-content\/uploads\/2018\/06\/20170515_Huertos-discapacitados-INEA03-e1494870942873-768x434.jpeg 768w, http:\/\/www.ecoinea.org\/wp-content\/uploads\/2018\/06\/20170515_Huertos-discapacitados-INEA03-e1494870942873-768x434-300x170.jpeg 300w\" sizes=\"(max-width: 768px) 100vw, 768px\" \/><\/a><\/p>\n","protected":false},"excerpt":{"rendered":"<p>Este Premio est\u00e1 convocado por la Asociaci\u00f3n Vida Sana (SEAE) y Triodos Bank. INEA ha participado con los huertos adaptados para personas con discapacidad y ha resultaddo uno de los 7 finalistas a nivel nacional, aunque finalmente no obtuvo premio.\u00a0 Este concurso se lleva promoviendo desde hace unos a\u00f1os y no s\u00f3lo estimula la creatividd &#8230; <a title=\"Finalista en el IV Concurso de huertos sociales\" class=\"read-more\" href=\"http:\/\/www.ecoinea.org\/index.php\/2017\/11\/12\/finalista-en-el-iv-concurso-de-huertos-sociales\/\">Leer m\u00e1s<span class=\"screen-reader-text\">Finalista en el IV Concurso de huertos sociales<\/span><\/a><\/p>\n","protected":false},"author":1,"featured_media":0,"comment_status":"closed","ping_status":"closed","sticky":false,"template":"","format":"standard","meta":{"footnotes":""},"categories":[86,82,81],"tags":[117,98],"_links":{"self":[{"href":"http:\/\/www.ecoinea.org\/index.php\/wp-json\/wp\/v2\/posts\/733"}],"collection":[{"href":"http:\/\/www.ecoinea.org\/index.php\/wp-json\/wp\/v2\/posts"}],"about":[{"href":"http:\/\/www.ecoinea.org\/index.php\/wp-json\/wp\/v2\/types\/post"}],"author":[{"embeddable":true,"href":"http:\/\/www.ecoinea.org\/index.php\/wp-json\/wp\/v2\/users\/1"}],"replies":[{"embeddable":true,"href":"http:\/\/www.ecoinea.org\/index.php\/wp-json\/wp\/v2\/comments?post=733"}],"version-history":[{"count":4,"href":"http:\/\/www.ecoinea.org\/index.php\/wp-json\/wp\/v2\/posts\/733\/revisions"}],"predecessor-version":[{"id":1731,"href":"http:\/\/www.ecoinea.org\/index.php\/wp-json\/wp\/v2\/posts\/733\/revisions\/1731"}],"wp:attachment":[{"href":"http:\/\/www.ecoinea.org\/index.php\/wp-json\/wp\/v2\/media?parent=733"}],"wp:term":[{"taxonomy":"category","embeddable":true,"href":"http:\/\/www.ecoinea.org\/index.php\/wp-json\/wp\/v2\/categories?post=733"},{"taxonomy":"post_tag","embeddable":true,"href":"http:\/\/www.ecoinea.org\/index.php\/wp-json\/wp\/v2\/tags?post=733"}],"curies":[{"name":"wp","href":"https:\/\/api.w.org\/{rel}","templated":true}]}}