{"id":750,"date":"2017-12-20T07:55:43","date_gmt":"2017-12-20T07:55:43","guid":{"rendered":"http:\/\/pai.inea.org\/?p=750"},"modified":"2018-06-13T14:45:34","modified_gmt":"2018-06-13T14:45:34","slug":"eco-retiro-de-adviento","status":"publish","type":"post","link":"http:\/\/www.ecoinea.org\/index.php\/2017\/12\/20\/eco-retiro-de-adviento\/","title":{"rendered":"Eco-retiro de Adviento"},"content":{"rendered":"<p>El s\u00e1bado 16 de Diciembre de 2017 hemos celebrado en INEA un retiro con orientaci\u00f3n ecol\u00f3gica. Nos ayud\u00f3 en la orientaci\u00f3n del mismo Fabi\u00e1n Moos sj que nos hizo una introducci\u00f3n en torno al nuevo paradigma que nos propone la Laudato Si para vivir desde la austeridad, la resistencia al consumismo y en torno a unas relaciones m\u00e1s solidarias.<\/p>\n<p>Participamos 16 personas del entorno del la pastoral de la Compa\u00f1\u00eda en Valladolid.<\/p>\n<p>Una ma\u00f1ana tranquila en el campo con ratos de oraci\u00f3n y contemplaci\u00f3n de la Naturaleza que terminaron con la celebraci\u00f3n de la Eucarist\u00eda.<\/p>\n","protected":false},"excerpt":{"rendered":"<p>El s\u00e1bado 16 de Diciembre de 2017 hemos celebrado en INEA un retiro con orientaci\u00f3n ecol\u00f3gica. Nos ayud\u00f3 en la orientaci\u00f3n del mismo Fabi\u00e1n Moos sj que nos hizo una introducci\u00f3n en torno al nuevo paradigma que nos propone la Laudato Si para vivir desde la austeridad, la resistencia al consumismo y en torno a &#8230; <a title=\"Eco-retiro de Adviento\" class=\"read-more\" href=\"http:\/\/www.ecoinea.org\/index.php\/2017\/12\/20\/eco-retiro-de-adviento\/\">Leer m\u00e1s<span class=\"screen-reader-text\">Eco-retiro de Adviento<\/span><\/a><\/p>\n","protected":false},"author":1,"featured_media":0,"comment_status":"closed","ping_status":"closed","sticky":false,"template":"","format":"standard","meta":{"footnotes":""},"categories":[84,81],"tags":[116],"_links":{"self":[{"href":"http:\/\/www.ecoinea.org\/index.php\/wp-json\/wp\/v2\/posts\/750"}],"collection":[{"href":"http:\/\/www.ecoinea.org\/index.php\/wp-json\/wp\/v2\/posts"}],"about":[{"href":"http:\/\/www.ecoinea.org\/index.php\/wp-json\/wp\/v2\/types\/post"}],"author":[{"embeddable":true,"href":"http:\/\/www.ecoinea.org\/index.php\/wp-json\/wp\/v2\/users\/1"}],"replies":[{"embeddable":true,"href":"http:\/\/www.ecoinea.org\/index.php\/wp-json\/wp\/v2\/comments?post=750"}],"version-history":[{"count":1,"href":"http:\/\/www.ecoinea.org\/index.php\/wp-json\/wp\/v2\/posts\/750\/revisions"}],"predecessor-version":[{"id":1496,"href":"http:\/\/www.ecoinea.org\/index.php\/wp-json\/wp\/v2\/posts\/750\/revisions\/1496"}],"wp:attachment":[{"href":"http:\/\/www.ecoinea.org\/index.php\/wp-json\/wp\/v2\/media?parent=750"}],"wp:term":[{"taxonomy":"category","embeddable":true,"href":"http:\/\/www.ecoinea.org\/index.php\/wp-json\/wp\/v2\/categories?post=750"},{"taxonomy":"post_tag","embeddable":true,"href":"http:\/\/www.ecoinea.org\/index.php\/wp-json\/wp\/v2\/tags?post=750"}],"curies":[{"name":"wp","href":"https:\/\/api.w.org\/{rel}","templated":true}]}}