{"id":760,"date":"2017-12-27T11:47:17","date_gmt":"2017-12-27T11:47:17","guid":{"rendered":"http:\/\/pai.inea.org\/?p=760"},"modified":"2018-06-13T14:42:34","modified_gmt":"2018-06-13T14:42:34","slug":"ecoretiro-de-adviento-en-inea","status":"publish","type":"post","link":"http:\/\/www.ecoinea.org\/index.php\/2017\/12\/27\/ecoretiro-de-adviento-en-inea\/","title":{"rendered":"Ecoretiro de Adviento en INEA"},"content":{"rendered":"<p>Un eco-retiro para dar sentido a todas las razones que mueven a una conversi\u00f3n ecol\u00f3gica plena.\u00a0 El jesuita alem\u00e1n Fabian Moos SJ gui\u00f3 esta jornada de oraci\u00f3n y encuentro compartiendo sus reflexiones sobre los motivos, externos e internos. Los primeros son los que dejan la huella visible y cuantificable del carbono. Todos esos gases que provocan el efecto invernadero y son emitidos por individuos, organizaciones, productos o eventos y van da\u00f1ando la atm\u00f3sfera. Desde ah\u00ed, describi\u00f3 esos gestos diarios insignificantes pero que han configurado un sistema de vida, un paradigma tecn\u00f3crata, que est\u00e1 llamado a convertirse. En los hogares, en la alimentaci\u00f3n o en el consumo, los gestos cotidianos dejan su propia huella de carbono. Un viaje en coche, un vuelo en avi\u00f3n, un intenso consumo de carne o el desperdicio del agua, la suma de todos ellos representa una cuarta parte de todas las emisiones. \u201cEstas razones no son las que nos van a ayudar a cambiar\u201d, dec\u00eda, \u201csolo el coraz\u00f3n puede ayudarnos a cambiar en temas de ecolog\u00eda\u201d.<\/p>\n<p>El papa Francisco describi\u00f3 el nuevo paradigma ecol\u00f3gico integral al que llam\u00f3 a todos, creyente y no creyente, en su enc\u00edclica Laudato Si\u00b4. Y si el actual ha tomado como propia la tierra, en el paradigma propuesto, la tierra es un don recibido desde la humildad, desde el deseo de colaborar y de cuidar. \u201cGratitud y gratuidad, son los motivos que nos ayudar\u00edan a cambiar\u201d; dec\u00eda. \u201cY no solo porque lo sabes sino porque lo sientes\u201d. Renuncia y gestos generosos, dos elementos de la contemplaci\u00f3n para alcanzar el amor. \u201dSe puede necesitar poco y vivir mucho, sobre todo cuando se es capaz de desarrollar otros placeres y se encuentra satisfacci\u00f3n en\u00a0 los encuentros fraternos, en el servicio, en el despliegue de los carismas, en la m\u00fasica y el arte, en el contacto con la naturaleza y en la oraci\u00f3n\u201d, dec\u00eda. \u201c<strong>La felicidad requiere saber limitar algunas necesidades que nos atontan, quedando as\u00ed disponibles para las m\u00faltiples posibilidades que ofrece la vida<\/strong>.\u201c (LS, 223)<\/p>\n<p>Desde esta m\u00e1xima invit\u00f3 a orar. Contemplar la Creaci\u00f3n dando un paseo con los sentidos. Rezar un salmo de alabanza, o escribir el propio salmo como expresi\u00f3n de gratitud por todos los dones recibidos. Un examen sobre las fuentes de mi vida, aquellos espacios donde uno encuentra la plenitud vital o el examen sobre las reglas de consumo que rigen la vida propia. Una oraci\u00f3n que se abre al grito de la tierra para descubrir su dolor.<\/p>\n<p><a href=\"http:\/\/www.ecoinea.org\/wp-content\/uploads\/2018\/06\/ecoretiro.jpeg\"><img fetchpriority=\"high\" decoding=\"async\" class=\"aligncenter wp-image-1687 size-large\" src=\"http:\/\/www.ecoinea.org\/wp-content\/uploads\/2018\/06\/ecoretiro-1024x768.jpeg\" alt=\"\" width=\"1024\" height=\"768\" srcset=\"http:\/\/www.ecoinea.org\/wp-content\/uploads\/2018\/06\/ecoretiro-1024x768.jpeg 1024w, http:\/\/www.ecoinea.org\/wp-content\/uploads\/2018\/06\/ecoretiro-300x225.jpeg 300w, http:\/\/www.ecoinea.org\/wp-content\/uploads\/2018\/06\/ecoretiro-768x576.jpeg 768w, http:\/\/www.ecoinea.org\/wp-content\/uploads\/2018\/06\/ecoretiro.jpeg 1280w\" sizes=\"(max-width: 1024px) 100vw, 1024px\" \/><\/a><\/p>\n","protected":false},"excerpt":{"rendered":"<p>Un eco-retiro para dar sentido a todas las razones que mueven a una conversi\u00f3n ecol\u00f3gica plena.\u00a0 El jesuita alem\u00e1n Fabian Moos SJ gui\u00f3 esta jornada de oraci\u00f3n y encuentro compartiendo sus reflexiones sobre los motivos, externos e internos. Los primeros son los que dejan la huella visible y cuantificable del carbono. Todos esos gases que &#8230; <a title=\"Ecoretiro de Adviento en INEA\" class=\"read-more\" href=\"http:\/\/www.ecoinea.org\/index.php\/2017\/12\/27\/ecoretiro-de-adviento-en-inea\/\">Leer m\u00e1s<span class=\"screen-reader-text\">Ecoretiro de Adviento en INEA<\/span><\/a><\/p>\n","protected":false},"author":1,"featured_media":0,"comment_status":"closed","ping_status":"closed","sticky":false,"template":"","format":"standard","meta":{"footnotes":""},"categories":[84,81],"tags":[116],"_links":{"self":[{"href":"http:\/\/www.ecoinea.org\/index.php\/wp-json\/wp\/v2\/posts\/760"}],"collection":[{"href":"http:\/\/www.ecoinea.org\/index.php\/wp-json\/wp\/v2\/posts"}],"about":[{"href":"http:\/\/www.ecoinea.org\/index.php\/wp-json\/wp\/v2\/types\/post"}],"author":[{"embeddable":true,"href":"http:\/\/www.ecoinea.org\/index.php\/wp-json\/wp\/v2\/users\/1"}],"replies":[{"embeddable":true,"href":"http:\/\/www.ecoinea.org\/index.php\/wp-json\/wp\/v2\/comments?post=760"}],"version-history":[{"count":3,"href":"http:\/\/www.ecoinea.org\/index.php\/wp-json\/wp\/v2\/posts\/760\/revisions"}],"predecessor-version":[{"id":1733,"href":"http:\/\/www.ecoinea.org\/index.php\/wp-json\/wp\/v2\/posts\/760\/revisions\/1733"}],"wp:attachment":[{"href":"http:\/\/www.ecoinea.org\/index.php\/wp-json\/wp\/v2\/media?parent=760"}],"wp:term":[{"taxonomy":"category","embeddable":true,"href":"http:\/\/www.ecoinea.org\/index.php\/wp-json\/wp\/v2\/categories?post=760"},{"taxonomy":"post_tag","embeddable":true,"href":"http:\/\/www.ecoinea.org\/index.php\/wp-json\/wp\/v2\/tags?post=760"}],"curies":[{"name":"wp","href":"https:\/\/api.w.org\/{rel}","templated":true}]}}