{"id":767,"date":"2018-01-09T12:17:22","date_gmt":"2018-01-09T12:17:22","guid":{"rendered":"http:\/\/pai.inea.org\/?p=767"},"modified":"2018-06-13T14:41:07","modified_gmt":"2018-06-13T14:41:07","slug":"el-corte-ingles-abre-linea-de-productos-ecologicos","status":"publish","type":"post","link":"http:\/\/www.ecoinea.org\/index.php\/2018\/01\/09\/el-corte-ingles-abre-linea-de-productos-ecologicos\/","title":{"rendered":"El Corte Ingl\u00e9s abre l\u00ednea de \u00bfproductos ecol\u00f3gicos?"},"content":{"rendered":"<p><img fetchpriority=\"high\" decoding=\"async\" class=\"alignleft\" src=\"http:\/\/4.bp.blogspot.com\/-mRC6j7K-ojE\/TzgQQmPglFI\/AAAAAAAABMU\/WDMAalkYGMI\/s1600\/Eurohoja.bmp\" alt=\"Resultado de imagen de producto ecol\u00f3gico\" width=\"385\" height=\"148\" \/>Al igual que otras grandes superficies como Carrefour, Mercadona y dem\u00e1s El Corte ingl\u00e9s abre sus puertas a los productos ecol\u00f3gicos. pero no nos enga\u00f1emos, El Corte ingl\u00e9s no valora la ecolog\u00eda; su ley suprema como el resto de las grandes superficies es el m\u00e1ximo beneficio. No hay m\u00e1s que echar un vistazo donde est\u00e1n\u00a0 colocados sus productos ecol\u00f3gicos (junto a otros producidos con la ayuda de Monsanto, o de la marca Nestl\u00e9 y de otras multinacionales responsables de muchos de los males que aquejan a nuestro planeta tanto desde el punto de vista medioambiental como social). No se dan cuenta que estos emparejamientos no van bien. (si se quiere ver como act\u00faan y qui\u00e9nes son estas empresas, pod\u00e9is seguir la campa\u00f1a de OXFAM &#8220;Tras la marca&#8221; donde analiza ciertas pr\u00e1cticas sociales y medioambientales de las diez grandes marcas mundiales que copan la mayor\u00eda de las marcas secundarias que consumimos cada d\u00eda.<\/p>\n<p>Tambi\u00e9n hay que ver que casi en su totalidad los productos alimenticios van en bandeja de poliestireno o similar, con etiqueta en papel y con retractilado en pl\u00e1stico, con lo cual genera un mont\u00f3n de desechos de dif\u00edcil reciclaje algunos de ellos. Adem\u00e1s estos envases son para productos en general por debajo del medio Kg y de bajo coste como la berenjena, el pepino, el calabac\u00edn, con lo cual el desecho es enorme.<\/p>\n<p>Los precios son desorbitados porque\u00a0 adem\u00e1s del envoltorio no usa producto local. Un producto ecol\u00f3gico que viaja 4000 km para su consumo deja de ser ecol\u00f3gico, m\u00e1s a\u00fan si hay soluciones m\u00e1s cercanas.<\/p>\n<p>Consumir ecol\u00f3gico no es s\u00f3lo consumir un producto org\u00e1nico, es participar en una filosof\u00eda de vida que apuesta por la sencillez, el consumo local, el respeto a la tierra, el comercio justo, la dignidad de los productores, los productos de temporada para ver si entre todos vamos logrando cambios en este mundo tan desmadrado en el que vivimos.<\/p>\n<p>Por tanto consumidor, no compres productos ecol\u00f3gicos en El Cortes Ingl\u00e9s. Y vosotros productores ecol\u00f3gicos convencidos &#8220;No vend\u00e1is a las grandes superficies&#8221;. Os acabar\u00e1n\u00a0prostituyendo, como prostituyen casi todo lo que tocan.<\/p>\n","protected":false},"excerpt":{"rendered":"<p>Al igual que otras grandes superficies como Carrefour, Mercadona y dem\u00e1s El Corte ingl\u00e9s abre sus puertas a los productos ecol\u00f3gicos. pero no nos enga\u00f1emos, El Corte ingl\u00e9s no valora la ecolog\u00eda; su ley suprema como el resto de las grandes superficies es el m\u00e1ximo beneficio. No hay m\u00e1s que echar un vistazo donde est\u00e1n\u00a0 &#8230; <a title=\"El Corte Ingl\u00e9s abre l\u00ednea de \u00bfproductos ecol\u00f3gicos?\" class=\"read-more\" href=\"http:\/\/www.ecoinea.org\/index.php\/2018\/01\/09\/el-corte-ingles-abre-linea-de-productos-ecologicos\/\">Leer m\u00e1s<span class=\"screen-reader-text\">El Corte Ingl\u00e9s abre l\u00ednea de \u00bfproductos ecol\u00f3gicos?<\/span><\/a><\/p>\n","protected":false},"author":1,"featured_media":0,"comment_status":"closed","ping_status":"closed","sticky":false,"template":"","format":"standard","meta":{"footnotes":""},"categories":[81],"tags":[114],"_links":{"self":[{"href":"http:\/\/www.ecoinea.org\/index.php\/wp-json\/wp\/v2\/posts\/767"}],"collection":[{"href":"http:\/\/www.ecoinea.org\/index.php\/wp-json\/wp\/v2\/posts"}],"about":[{"href":"http:\/\/www.ecoinea.org\/index.php\/wp-json\/wp\/v2\/types\/post"}],"author":[{"embeddable":true,"href":"http:\/\/www.ecoinea.org\/index.php\/wp-json\/wp\/v2\/users\/1"}],"replies":[{"embeddable":true,"href":"http:\/\/www.ecoinea.org\/index.php\/wp-json\/wp\/v2\/comments?post=767"}],"version-history":[{"count":1,"href":"http:\/\/www.ecoinea.org\/index.php\/wp-json\/wp\/v2\/posts\/767\/revisions"}],"predecessor-version":[{"id":1222,"href":"http:\/\/www.ecoinea.org\/index.php\/wp-json\/wp\/v2\/posts\/767\/revisions\/1222"}],"wp:attachment":[{"href":"http:\/\/www.ecoinea.org\/index.php\/wp-json\/wp\/v2\/media?parent=767"}],"wp:term":[{"taxonomy":"category","embeddable":true,"href":"http:\/\/www.ecoinea.org\/index.php\/wp-json\/wp\/v2\/categories?post=767"},{"taxonomy":"post_tag","embeddable":true,"href":"http:\/\/www.ecoinea.org\/index.php\/wp-json\/wp\/v2\/tags?post=767"}],"curies":[{"name":"wp","href":"https:\/\/api.w.org\/{rel}","templated":true}]}}