{"id":778,"date":"2018-02-01T17:33:13","date_gmt":"2018-02-01T17:33:13","guid":{"rendered":"http:\/\/pai.inea.org\/?p=778"},"modified":"2018-06-13T14:39:31","modified_gmt":"2018-06-13T14:39:31","slug":"huerto-escolar-en-las-cortas-de-blas","status":"publish","type":"post","link":"http:\/\/www.ecoinea.org\/index.php\/2018\/02\/01\/huerto-escolar-en-las-cortas-de-blas\/","title":{"rendered":"Huerto escolar en Las Cortas de Blas"},"content":{"rendered":"<p>Las Cortas de Blas es una Granja Escuela situada en los Montes Torozos de Valladolid (<a href=\"https:\/\/cortasdeblas.org\/\" target=\"_blank\" rel=\"noopener\">cortasdeblas.org<\/a>). Adem\u00e1s de ser un excelente sitio para las experiencias de Granja Escuela y de Albergue cultivo un hermos\u00edsimo huerto ecol\u00f3gico para hacer actividades y talleres con los ni\u00f1os y mayores.<\/p>\n<p>Este huerto, del cual hay algunas fotograf\u00edas en la Galer\u00eda de Fotos se lleva por el sistema Parades en Crestall. La persona responsable del mismo que es una de las socias de la Granja, Patricia Miranda conoce bien este m\u00e9todo (que est\u00e1 explicado en los videotalleres de esta p\u00e1gina) y lo pone en pr\u00e1ctica de un modo sobresaliente.<\/p>\n<p>Las Cortas de Blas est\u00e1n situadas en pleno monta a una altura sobre el nivel del mar de m\u00e1s de 800 metros y en la provincia de Valladolid\u2026 todos ellos ingredientes para un clima duro, fr\u00edo, seco. Sin embargo el huerto es un vergel, aunque todo se produzca diez o quince d\u00edas m\u00e1s tarde que en el propio Valladolid que apenas est\u00e1 a 20 km.\u00a0 A\u00fan con estas dificultades, dado que la tierra es buena y el compostaje que se le aporta tambi\u00e9n, se producen unas excelentes hortalizas y de buen tama\u00f1o.<\/p>\n<p>Dada la disposici\u00f3n del huerto, con calles, baldosas, arom\u00e1ticas, etc, se logra con facilidad una buena participaci\u00f3n de los ni\u00f1os que adem\u00e1s enseguida logran comprender el sistema de cultivo y su l\u00f3gica.<\/p>\n<p>Pady cultiva todo lo que podemos pensar de huerta: pimiento, tomate, ajos, cebollas, acelga, pepino, calabac\u00edn, calabaza, coles de todo tipo\u2026 y muchas plantas arom\u00e1ticas que ayudan a la polinizaci\u00f3n y a ahuyentar algunos problemas y enfermedades. Tal vez por ser un sitio alto, fr\u00edo y alejado de cualquier cultivo que no sea secano, apenas existe el pulg\u00f3n ni otros insectos o gusanos que atacan en las zonas de huerto de la ciudad.<\/p>\n<p><a href=\"http:\/\/www.ecoinea.org\/wp-content\/uploads\/2018\/06\/cortasblas6.jpg\"><img fetchpriority=\"high\" decoding=\"async\" class=\"aligncenter wp-image-1668 size-full\" src=\"http:\/\/www.ecoinea.org\/wp-content\/uploads\/2018\/06\/cortasblas6.jpg\" alt=\"\" width=\"768\" height=\"1024\" srcset=\"http:\/\/www.ecoinea.org\/wp-content\/uploads\/2018\/06\/cortasblas6.jpg 768w, http:\/\/www.ecoinea.org\/wp-content\/uploads\/2018\/06\/cortasblas6-225x300.jpg 225w\" sizes=\"(max-width: 768px) 100vw, 768px\" \/><\/a><\/p>\n","protected":false},"excerpt":{"rendered":"<p>Las Cortas de Blas es una Granja Escuela situada en los Montes Torozos de Valladolid (cortasdeblas.org). Adem\u00e1s de ser un excelente sitio para las experiencias de Granja Escuela y de Albergue cultivo un hermos\u00edsimo huerto ecol\u00f3gico para hacer actividades y talleres con los ni\u00f1os y mayores. Este huerto, del cual hay algunas fotograf\u00edas en la &#8230; <a title=\"Huerto escolar en Las Cortas de Blas\" class=\"read-more\" href=\"http:\/\/www.ecoinea.org\/index.php\/2018\/02\/01\/huerto-escolar-en-las-cortas-de-blas\/\">Leer m\u00e1s<span class=\"screen-reader-text\">Huerto escolar en Las Cortas de Blas<\/span><\/a><\/p>\n","protected":false},"author":1,"featured_media":0,"comment_status":"closed","ping_status":"closed","sticky":false,"template":"","format":"standard","meta":{"footnotes":""},"categories":[82,81],"tags":[98,106],"_links":{"self":[{"href":"http:\/\/www.ecoinea.org\/index.php\/wp-json\/wp\/v2\/posts\/778"}],"collection":[{"href":"http:\/\/www.ecoinea.org\/index.php\/wp-json\/wp\/v2\/posts"}],"about":[{"href":"http:\/\/www.ecoinea.org\/index.php\/wp-json\/wp\/v2\/types\/post"}],"author":[{"embeddable":true,"href":"http:\/\/www.ecoinea.org\/index.php\/wp-json\/wp\/v2\/users\/1"}],"replies":[{"embeddable":true,"href":"http:\/\/www.ecoinea.org\/index.php\/wp-json\/wp\/v2\/comments?post=778"}],"version-history":[{"count":5,"href":"http:\/\/www.ecoinea.org\/index.php\/wp-json\/wp\/v2\/posts\/778\/revisions"}],"predecessor-version":[{"id":1744,"href":"http:\/\/www.ecoinea.org\/index.php\/wp-json\/wp\/v2\/posts\/778\/revisions\/1744"}],"wp:attachment":[{"href":"http:\/\/www.ecoinea.org\/index.php\/wp-json\/wp\/v2\/media?parent=778"}],"wp:term":[{"taxonomy":"category","embeddable":true,"href":"http:\/\/www.ecoinea.org\/index.php\/wp-json\/wp\/v2\/categories?post=778"},{"taxonomy":"post_tag","embeddable":true,"href":"http:\/\/www.ecoinea.org\/index.php\/wp-json\/wp\/v2\/tags?post=778"}],"curies":[{"name":"wp","href":"https:\/\/api.w.org\/{rel}","templated":true}]}}