{"id":891,"date":"2018-02-04T11:37:07","date_gmt":"2018-02-04T11:37:07","guid":{"rendered":"http:\/\/pai.inea.org\/?p=891"},"modified":"2018-06-13T12:57:00","modified_gmt":"2018-06-13T12:57:00","slug":"curso-de-educacion-ambiental","status":"publish","type":"post","link":"http:\/\/www.ecoinea.org\/index.php\/2018\/02\/04\/curso-de-educacion-ambiental\/","title":{"rendered":"Curso de Educacion Ambiental"},"content":{"rendered":"<p>Este curso, de treinta horas de dedicaci\u00f3n, est\u00e1 pensado sobre todo para educadores, monitores, animadores socioculturales. Tras una breve breve introducci\u00f3n se entra a analizar diversas herramientas que utilizamos en educaci\u00f3n ambienta. \u00a0En el aula virtual Moodle de INEA se ubica dentro de los Cursos del Master en Gesti\u00f3n Ambiental<\/p>\n<p><strong>Agroecolog\u00eda<\/strong><\/p>\n<div id=\"ficha\">\n<div id=\"eco2\">\n<table id=\"especvino\">\n<tbody>\n<tr>\n<td>Denominaci\u00f3n del Curso<\/td>\n<td>Educaci\u00f3n Ambiental<\/td>\n<\/tr>\n<tr>\n<td>Rama de conocimiento<\/td>\n<td>Medio Ambiente<\/td>\n<\/tr>\n<tr>\n<td>Modalidad de ense\u00f1anza<\/td>\n<td>Formaci\u00f3n online<\/td>\n<\/tr>\n<tr>\n<td>Centro que lo imparte<\/td>\n<td>INEA \u2013 Escuela Universitaria de Ingenier\u00eda T\u00e9cnica Agr\u00edcola<br \/>\nCentro adscrito a la Universidad de Valladolid<\/td>\n<\/tr>\n<tr>\n<td>Instituci\u00f3n que concede el T\u00edtulo<\/td>\n<td>INEA<\/td>\n<\/tr>\n<tr>\n<td>Duraci\u00f3n del programa<\/td>\n<td><strong>30 horas<\/strong><\/td>\n<\/tr>\n<tr>\n<td>Fecha de comienzo<\/td>\n<td>Matr\u00edcula abierta todo el a\u00f1o (salvo en agosto)<\/td>\n<\/tr>\n<tr>\n<td>Fecha de finalizaci\u00f3n<\/td>\n<td>Individualizada<\/td>\n<\/tr>\n<tr>\n<td>Coordinaci\u00f3n<\/td>\n<td>Beatriz Urbano L\u00f3pez de Meneses (\u00a0<a href=\"mailto:burbano@inea.uva.es\">burbano@inea.uva.es<\/a>)<\/td>\n<\/tr>\n<tr>\n<td>Precio de la matr\u00edcula completa<\/td>\n<td>180 euros. (Si alguien quiere financiar ese coste por Formaci\u00f3n continua deber\u00e1 indicarlo ocho d\u00edas antes de iniciar el curso)<\/td>\n<\/tr>\n<tr>\n<td>Profesor del Curso<\/td>\n<td>D. F\u00e9lix A. Revilla Grande. Master en Educaci\u00f3n Ambiental. Ldo. Geograf\u00eda e Historia. Ingeniero T. Agr\u00edcola<\/td>\n<\/tr>\n<tr>\n<td>Objetivos del Curso<\/td>\n<td>Conocer el concepto de educaci\u00f3n ambiental y las principales herramientas para trabajar en educaci\u00f3n ambientalEl Curso se debe realizar en un per\u00edodo m\u00e1ximo de cuatro meses.La evaluaci\u00f3n ser\u00e1 tipo test de cada tema o bloque tem\u00e1tico<\/td>\n<\/tr>\n<tr>\n<td>Contenido del Curso<\/td>\n<td>Tema 1.- Concepto y Fundamentod e la EATema 2.- Principios, objetivos y desarrollo de la EATema 3.- La EA, medio para desarrollar actitudesTema 4.- Propuesta educativa ambiental en el amrco no formalTema 5.-Principales problemas medioambientalesTema 6.- La Huella Ecol\u00f3gicaTema 7.- El mapa ecol\u00f3gicoTema 8.- La Agenda escolar 21Tema 9.- Ecoauditor\u00edasTema 10.- Sistemas de Gesti\u00f3n ambientalTema 11.- Proyecto ambiental<\/td>\n<\/tr>\n<tr>\n<td>Dirigido a<\/td>\n<td>Educadores, monitores, animadores socioculturales, estudiantes de Magisterio<\/td>\n<\/tr>\n<tr>\n<td>Este curso forma parte de los siguientes Programas de Postgrado de INEA Virtual<\/td>\n<td>Master en Gesti\u00f3n Ambiental. Horticultura para t\u00ed.<\/td>\n<\/tr>\n<tr>\n<td id=\"acceso\" colspan=\"2\">\n<h3><strong><a href=\"http:\/\/www.inea.org\/index.php?option=com_content&amp;view=article&amp;id=195&amp;Itemid=1406#arriba\" target=\"_blank\" rel=\"noopener\">Acceso al formulario de\u00a0Matr\u00edcula<\/a><\/strong><\/h3>\n<\/td>\n<\/tr>\n<\/tbody>\n<\/table>\n<\/div>\n<\/div>\n","protected":false},"excerpt":{"rendered":"<p>Este curso, de treinta horas de dedicaci\u00f3n, est\u00e1 pensado sobre todo para educadores, monitores, animadores socioculturales. Tras una breve breve introducci\u00f3n se entra a analizar diversas herramientas que utilizamos en educaci\u00f3n ambienta. \u00a0En el aula virtual Moodle de INEA se ubica dentro de los Cursos del Master en Gesti\u00f3n Ambiental Agroecolog\u00eda Denominaci\u00f3n del Curso Educaci\u00f3n &#8230; <a title=\"Curso de Educacion Ambiental\" class=\"read-more\" href=\"http:\/\/www.ecoinea.org\/index.php\/2018\/02\/04\/curso-de-educacion-ambiental\/\">Leer m\u00e1s<span class=\"screen-reader-text\">Curso de Educacion Ambiental<\/span><\/a><\/p>\n","protected":false},"author":1,"featured_media":0,"comment_status":"closed","ping_status":"closed","sticky":false,"template":"","format":"standard","meta":{"footnotes":""},"categories":[85,83,81],"tags":[99,93],"_links":{"self":[{"href":"http:\/\/www.ecoinea.org\/index.php\/wp-json\/wp\/v2\/posts\/891"}],"collection":[{"href":"http:\/\/www.ecoinea.org\/index.php\/wp-json\/wp\/v2\/posts"}],"about":[{"href":"http:\/\/www.ecoinea.org\/index.php\/wp-json\/wp\/v2\/types\/post"}],"author":[{"embeddable":true,"href":"http:\/\/www.ecoinea.org\/index.php\/wp-json\/wp\/v2\/users\/1"}],"replies":[{"embeddable":true,"href":"http:\/\/www.ecoinea.org\/index.php\/wp-json\/wp\/v2\/comments?post=891"}],"version-history":[{"count":2,"href":"http:\/\/www.ecoinea.org\/index.php\/wp-json\/wp\/v2\/posts\/891\/revisions"}],"predecessor-version":[{"id":1199,"href":"http:\/\/www.ecoinea.org\/index.php\/wp-json\/wp\/v2\/posts\/891\/revisions\/1199"}],"wp:attachment":[{"href":"http:\/\/www.ecoinea.org\/index.php\/wp-json\/wp\/v2\/media?parent=891"}],"wp:term":[{"taxonomy":"category","embeddable":true,"href":"http:\/\/www.ecoinea.org\/index.php\/wp-json\/wp\/v2\/categories?post=891"},{"taxonomy":"post_tag","embeddable":true,"href":"http:\/\/www.ecoinea.org\/index.php\/wp-json\/wp\/v2\/tags?post=891"}],"curies":[{"name":"wp","href":"https:\/\/api.w.org\/{rel}","templated":true}]}}