{"id":893,"date":"2018-02-04T11:38:34","date_gmt":"2018-02-04T11:38:34","guid":{"rendered":"http:\/\/pai.inea.org\/?p=893"},"modified":"2018-06-13T12:56:23","modified_gmt":"2018-06-13T12:56:23","slug":"893","status":"publish","type":"post","link":"http:\/\/www.ecoinea.org\/index.php\/2018\/02\/04\/893\/","title":{"rendered":"Curso Huertos escolares"},"content":{"rendered":"<div class=\"entry-content\">\n<table id=\"cursos\">\n<tbody>\n<tr>\n<td><strong>Curso huertos escolares ecol\u00f3gicos<\/strong><\/p>\n<div id=\"ficha\">\n<div id=\"eco2\">\n<table id=\"especvino\">\n<tbody>\n<tr>\n<td>Denominaci\u00f3n del Curso<\/td>\n<td>Huertos escolares ecol\u00f3gicos<\/td>\n<\/tr>\n<tr>\n<td>Rama de conocimiento<\/td>\n<td>Medio Ambiente<\/td>\n<\/tr>\n<tr>\n<td>Modalidad de ense\u00f1anza<\/td>\n<td>Formaci\u00f3n online<\/td>\n<\/tr>\n<tr>\n<td>Centro que lo imparte<\/td>\n<td>INEA \u2013 Escuela Universitaria de Ingenier\u00eda T\u00e9cnica Agr\u00edcola<br \/>\nCentro adscrito a la Universidad de Valladolid<\/td>\n<\/tr>\n<tr>\n<td>Instituci\u00f3n que concede el T\u00edtulo<\/td>\n<td>INEA<\/td>\n<\/tr>\n<tr>\n<td>Duraci\u00f3n del programa<\/td>\n<td><strong>30 horas<\/strong><\/td>\n<\/tr>\n<tr>\n<td>Fecha de comienzo<\/td>\n<td>Matr\u00edcula abierta todo el a\u00f1o (salvo en agosto)<\/td>\n<\/tr>\n<tr>\n<td>Fecha de finalizaci\u00f3n<\/td>\n<td>Individualizada<\/td>\n<\/tr>\n<tr>\n<td>Coordinaci\u00f3n<\/td>\n<td>\u00a0ineavirtual@inea.uva.es<\/td>\n<\/tr>\n<tr>\n<td>Precio de la matr\u00edcula completa<\/td>\n<td><b>180 euros<\/b><br \/>\nCertificado-diploma del curso. . (Si alguien quiere financiar ese coste por Formaci\u00f3n continua deber\u00e1 indicarlo ocho d\u00edas antes de iniciar el curso)<\/td>\n<\/tr>\n<tr>\n<td>Profesor del Curso<\/td>\n<td>Patricia Miranda Oca\u00f1a. Ingeniero T\u00e9cnico Agr\u00edcola. Gerente Granja Escuela Las Cortas de Blas (www.cortasdeblas.net)<\/td>\n<\/tr>\n<tr>\n<td>Objetivos del Curso<\/td>\n<td>El Curso se debe realizar en un per\u00edodo m\u00e1ximo de cuatro meses.La evaluaci\u00f3n ser\u00e1 tipo test de cada tema o bloque tem\u00e1tico<\/td>\n<\/tr>\n<tr>\n<td>Contenido del Curso<\/td>\n<td>1.- Introducci\u00f3n<br \/>\n2.- El huerto escolar y la educaci\u00f3n ambiental<br \/>\n3- El huerto ecol\u00f3gico escolar y la escuela: objetivos y metodolog\u00eda<br \/>\n4.- Modalidad de Huerto ecol\u00f3gico escolar, organizaci\u00f3n y puesta en marcha del HEE<\/p>\n<ul>\n<li>huerto como n\u00facleo de alguna \u00e1rea<\/li>\n<li>huerto como taller<\/li>\n<li>huerto como actividad extraescolar<\/li>\n<li>huerto como actividad del AMPA<\/li>\n<\/ul>\n<p>5.- Actividades en el huerto ecol\u00f3gico escolar<\/p>\n<ul>\n<li>presentaci\u00f3n e introducci\u00f3n<\/li>\n<li>organizaci\u00f3n de los equipos: semillero, compost, riego, parcelas, herramientas,\u2026<\/li>\n<li>preparar el terreno y hacer las parcelas<\/li>\n<li>Organizar los cultiuvos y conocer el sistema de Parades en Crestall<\/li>\n<li>Abonado del suelo<\/li>\n<li>Siembra y plantaci\u00f3n<\/li>\n<li>Las distintas hortalizas y sus cuidados<\/li>\n<li>Elaboraci\u00f3n de fichas de cultivos<\/li>\n<li>Las plantas arom\u00e1ticas en el huerto<\/li>\n<li>El invernadero y el huerto<\/li>\n<li>La fauna del huerto<\/li>\n<li>conocer la flora espont\u00e1nea de nuestro huerto<\/li>\n<li>Talleres de cocina con las hortalizas<\/li>\n<\/ul>\n<p>6.- Materiales y fichas para utilizar con los alumnos en los huertos ecol\u00f3gicos escolares<\/p>\n<p>7.- Recursos y Bibliograf\u00eda<\/td>\n<\/tr>\n<tr>\n<td>Dirigido a<\/td>\n<td>Profesores, estudiantes de Magisterio, Pedagog\u00eda, psicopedagog\u00eda; estudiantes del Grado en Ingenier\u00eda Agr\u00edcola<\/td>\n<\/tr>\n<tr>\n<td>Este curso forma parte de los siguientes Programas de Postgrado de INEA Virtual<\/td>\n<td>\u00a0Producci\u00f3n ecol\u00f3gica<\/td>\n<\/tr>\n<tr>\n<td id=\"acceso\" colspan=\"2\">\n<h3><strong><a href=\"http:\/\/www.inea.org\/index.php?option=com_content&amp;view=article&amp;id=195&amp;Itemid=1406#arriba\" target=\"_blank\" rel=\"noopener\">Acceso al formulario de\u00a0Matr\u00edcula<\/a><\/strong><\/h3>\n<\/td>\n<\/tr>\n<\/tbody>\n<\/table>\n<\/div>\n<\/div>\n<\/td>\n<\/tr>\n<tr id=\"impar\">\n<td><\/td>\n<\/tr>\n<\/tbody>\n<\/table>\n<p>&nbsp;<\/p>\n<p>&nbsp;<\/p>\n<\/div>\n","protected":false},"excerpt":{"rendered":"<p>Curso huertos escolares ecol\u00f3gicos Denominaci\u00f3n del Curso Huertos escolares ecol\u00f3gicos Rama de conocimiento Medio Ambiente Modalidad de ense\u00f1anza Formaci\u00f3n online Centro que lo imparte INEA \u2013 Escuela Universitaria de Ingenier\u00eda T\u00e9cnica Agr\u00edcola Centro adscrito a la Universidad de Valladolid Instituci\u00f3n que concede el T\u00edtulo INEA Duraci\u00f3n del programa 30 horas Fecha de comienzo Matr\u00edcula abierta &#8230; <a title=\"Curso Huertos escolares\" class=\"read-more\" href=\"http:\/\/www.ecoinea.org\/index.php\/2018\/02\/04\/893\/\">Leer m\u00e1s<span class=\"screen-reader-text\">Curso Huertos escolares<\/span><\/a><\/p>\n","protected":false},"author":1,"featured_media":0,"comment_status":"closed","ping_status":"closed","sticky":false,"template":"","format":"standard","meta":{"footnotes":""},"categories":[83,82,81],"tags":[93,98],"_links":{"self":[{"href":"http:\/\/www.ecoinea.org\/index.php\/wp-json\/wp\/v2\/posts\/893"}],"collection":[{"href":"http:\/\/www.ecoinea.org\/index.php\/wp-json\/wp\/v2\/posts"}],"about":[{"href":"http:\/\/www.ecoinea.org\/index.php\/wp-json\/wp\/v2\/types\/post"}],"author":[{"embeddable":true,"href":"http:\/\/www.ecoinea.org\/index.php\/wp-json\/wp\/v2\/users\/1"}],"replies":[{"embeddable":true,"href":"http:\/\/www.ecoinea.org\/index.php\/wp-json\/wp\/v2\/comments?post=893"}],"version-history":[{"count":2,"href":"http:\/\/www.ecoinea.org\/index.php\/wp-json\/wp\/v2\/posts\/893\/revisions"}],"predecessor-version":[{"id":1200,"href":"http:\/\/www.ecoinea.org\/index.php\/wp-json\/wp\/v2\/posts\/893\/revisions\/1200"}],"wp:attachment":[{"href":"http:\/\/www.ecoinea.org\/index.php\/wp-json\/wp\/v2\/media?parent=893"}],"wp:term":[{"taxonomy":"category","embeddable":true,"href":"http:\/\/www.ecoinea.org\/index.php\/wp-json\/wp\/v2\/categories?post=893"},{"taxonomy":"post_tag","embeddable":true,"href":"http:\/\/www.ecoinea.org\/index.php\/wp-json\/wp\/v2\/tags?post=893"}],"curies":[{"name":"wp","href":"https:\/\/api.w.org\/{rel}","templated":true}]}}