{"id":903,"date":"2018-02-21T09:40:07","date_gmt":"2018-02-21T09:40:07","guid":{"rendered":"http:\/\/pai.inea.org\/?p=903"},"modified":"2018-06-13T12:55:31","modified_gmt":"2018-06-13T12:55:31","slug":"inea-inicia-un-estudio-sobre-economia-circular-en-valladolid","status":"publish","type":"post","link":"http:\/\/www.ecoinea.org\/index.php\/2018\/02\/21\/inea-inicia-un-estudio-sobre-economia-circular-en-valladolid\/","title":{"rendered":"INEA inicia un estudio sobre econom\u00eda circular en Valladolid"},"content":{"rendered":"<p>La Fundaci\u00f3n INEA estudiar\u00e1 el grado de implantaci\u00f3n del modelo de econom\u00eda circular en el sector agrario y agroalimentario en el municipio de Valladolid, un proyecto que acaba de arrancar y que ha sido subvencionado por el Ayuntamiento con 22.320 euros a trav\u00e9s de la Agencia de Innovaci\u00f3n y Desarrollo Econ\u00f3mico. Bajo la denominaci\u00f3n\u00a0<strong><em>La econom\u00eda circular en el sector agrario y agroalimentario en Valladolid<\/em><\/strong>, este proyecto fue uno de los 23 aprobados en esta primera convocatoria municipal destinada al fomento de la econom\u00eda circular. Hoy, el profesor de INEA Andr\u00e9s G\u00f3mez, ha participado en una sesi\u00f3n de presentaci\u00f3n de todos los proyectos en el\u00a0<a href=\"http:\/\/www.valladolid.es\/es\/actualidad\/ultimas-noticias\/veintitres-proyectos-economia-circular-ponen-marcha-vallado\" target=\"_blank\" rel=\"noopener\">Ayuntamiento de Valladolid<\/a>. En su programa docente tambi\u00e9n aborda este sistema de econom\u00eda circular. Lo define\u00a0 como un modelo que persigue<em>\u00a0<strong>la<\/strong><strong>\u00a0reducci\u00f3n de la extracci\u00f3n de recursos, gracias al dise\u00f1o y fabricaci\u00f3n de objetos concebidos para ser reutilizados al 100% al final de su vida \u00fatil. Una pr\u00e1ctica que resuelve el problema de la contaminaci\u00f3n y hace posible que esos residuos vuelvan al inicio del proceso productivo de manera circular, teniendo as\u00ed una segunda vida \u00fatil<\/strong><strong>,\u00a0<\/strong><\/em><strong><em>o<\/em>\u00a0<em>muchas m\u00e1s<\/em><\/strong><em><strong>.\u00a0<\/strong>\u00a0<\/em><\/p>\n<p>El proyecto, de un a\u00f1o de duraci\u00f3n, abarca la econom\u00eda circular de manera amplia e integradora, en sinton\u00eda con la labor desempe\u00f1ada por la Fundaci\u00f3n INEA desde diversos campos: los de docencia, \u00a0investigaci\u00f3n y sensibilizaci\u00f3n (que ya viene desarrollando INEA como Escuela de Ingenier\u00eda Agr\u00edcola especializada en sistemas agrarios ecol\u00f3gicos) o el social, desde su propio\u00a0<strong>Proyecto de Integraci\u00f3n Social<\/strong>\u00a0como Fundaci\u00f3n INEA. El proyecto, entre otras acciones, contempla una encuesta a 400 usuarios de diferentes colectivos de consumidores, adem\u00e1s de distintas entrevistas a empresas de los sectores productivos y de la distribuci\u00f3n del sector agroalimentario. El objeivo es averiguar qu\u00e9 se est\u00e1 haciendo en econom\u00eda circular y cu\u00e1les son las tendencias, expectativas y posibilidades de su desarrollo en el municipio.<\/p>\n<p>En este momento el trabajo se encuentra en su primera fase de dise\u00f1o de investigaci\u00f3n y de formaci\u00f3n de t\u00e9cnicos (personas en riesgo de exclusi\u00f3n de la ciudad) que participar\u00e1n en esta primera fase, conjugando as\u00ed el rigor del proyecto y integraci\u00f3n sociolaboral de trabajadores. En una segunda fase, tras la redacci\u00f3n del informe final de investigaci\u00f3n se dise\u00f1ar\u00e1 material de difusi\u00f3n y una estrategia de formaci\u00f3n y sensibilizaci\u00f3n. Y, en una tercera fase, se propondr\u00e1n tres ideas de econom\u00eda circular, dos de las cuales se desarrollar\u00e1n como experiencia piloto en el municipio de Valladolid, como ejemplos demostrativos para la difusi\u00f3n y la sensibilizaci\u00f3n sobre econom\u00eda circular.<\/p>\n<p>\u201cNos parece importante trabajar en este sector en el que hay muchas cosas importantes por hacer\u201d, explica el coordinador del proyecto y director de INEA, F\u00e9lix Revilla.\u00a0<em><strong>\u201cTanto en la producci\u00f3n agr\u00edcola como en nuestra alimentaci\u00f3n es necesario ajustar el proceso de los desechos de alimentos as\u00ed como el de envases y embalajes, dos puntos cr\u00edticos\u201d<\/strong><\/em>, asegura. \u201cRevisar todo el proceso productivo y de comercializaci\u00f3n desde un punto de vista de la econom\u00eda circular puede ser muy relevante para nuestra sociedad, para que la gente lo conozca y se sensibilice, as\u00ed como para ir descubriendo nuevos nichos de actividad que ayuden a construir un mundo m\u00e1s sostenible. Los avances en la\u00a0<strong>ecoeficiencia<\/strong>\u00a0han de ir desde el inicio hasta el final a fin de lograr la desaparici\u00f3n de los residuos. Esto implica tener un buen conocimiento de cu\u00e1l ha de ser el modelo te\u00f3rico desde el que elaborar el proyecto de investigaci\u00f3n, para poder hacer propuestas finales interesantes. A trav\u00e9s de las actividades previstas en el proyecto, la Fundaci\u00f3n INEA llegar\u00e1 a miles de vallisoletanos.<\/p>\n<p>&nbsp;<\/p>\n<p><strong>Econom\u00eda circular, econom\u00eda ecol\u00f3gica o econom\u00eda de la naturaleza<\/strong><\/p>\n<p>La econom\u00eda circular, tambi\u00e9n denominada econom\u00eda ecol\u00f3gica o econom\u00eda de la naturaleza, es un modelo de enorme inter\u00e9s para la Fundaci\u00f3n INEA que va en sinton\u00eda con su compromiso agroecol\u00f3gico. La reducci\u00f3n de la extracci\u00f3n de recursos gracias a la fabricaci\u00f3n y dise\u00f1o de objetos concebidos para ser reutilizados al 100% al final de su vida \u00fatil, es una pr\u00e1ctica que resuelve el problema de la contaminaci\u00f3n y hace posible que esos residuos vuelvan al inicio del proceso productivo de manera circular. Una segunda vida \u00fatil. \u00a0Andr\u00e9s G\u00f3mez as\u00ed lo explicaba para un programa de la televisi\u00f3n regional, Surcos, de rtvcyl.\u00a0<a href=\"https:\/\/www.youtube.com\/watch?v=t7X8ve0zUDo&amp;feature=youtu.be\">Aqu\u00ed.<\/a><\/p>\n<p>\u201cLa agricultura tradicional siempre funcion\u00f3 como un modelo de econom\u00eda circular: los residuos de la producci\u00f3n ganadera se utilizaban para la producci\u00f3n agr\u00edcola como abonos y los residuos agr\u00edcolas para alimentar al ganado. Hoy en d\u00eda tenemos una agricultura industrializada que necesita mucho de insumos industriales, fitosanitarios, abonos y otros elementos que no son org\u00e1nicos y que generan un gran problema de contaminaci\u00f3n y residuos.\u00a0<em><strong>No se trata de volver al pasado sino de integrar estos conceptos en la econom\u00eda moderna\u201d<\/strong><\/em>, explica.<\/p>\n<p>Los cambios pasan por una gesti\u00f3n mejor de los recursos, como el agua y la energ\u00eda. Redise\u00f1ando procesos productivos mediante la innovaci\u00f3n tecnol\u00f3gica y reutilizando los residuos org\u00e1nicos e inorg\u00e1nicos que genera cualquier actividad productiva. \u201cLa econom\u00eda circular mejora la productividad de los recursos, de las materias primas, de los suelos y de las explotaciones, ahorra costes y acaba creando productos m\u00e1s saludables y menos contaminantes\u201d.<\/p>\n<p><a href=\"http:\/\/www.ecoinea.org\/wp-content\/uploads\/2018\/06\/economia-a-circular.jpg\" rel=\"attachment wp-att-904\"><img fetchpriority=\"high\" decoding=\"async\" class=\"aligncenter wp-image-904 size-full\" src=\"http:\/\/pai.inea.org\/wp-content\/uploads\/2018\/02\/economia-a-circular.jpg\" alt=\"\" width=\"1280\" height=\"475\" \/><\/a><\/p>\n","protected":false},"excerpt":{"rendered":"<p>La Fundaci\u00f3n INEA estudiar\u00e1 el grado de implantaci\u00f3n del modelo de econom\u00eda circular en el sector agrario y agroalimentario en el municipio de Valladolid, un proyecto que acaba de arrancar y que ha sido subvencionado por el Ayuntamiento con 22.320 euros a trav\u00e9s de la Agencia de Innovaci\u00f3n y Desarrollo Econ\u00f3mico. Bajo la denominaci\u00f3n\u00a0La econom\u00eda &#8230; <a title=\"INEA inicia un estudio sobre econom\u00eda circular en Valladolid\" class=\"read-more\" href=\"http:\/\/www.ecoinea.org\/index.php\/2018\/02\/21\/inea-inicia-un-estudio-sobre-economia-circular-en-valladolid\/\">Leer m\u00e1s<span class=\"screen-reader-text\">INEA inicia un estudio sobre econom\u00eda circular en Valladolid<\/span><\/a><\/p>\n","protected":false},"author":1,"featured_media":0,"comment_status":"closed","ping_status":"closed","sticky":false,"template":"","format":"standard","meta":{"footnotes":""},"categories":[83,81],"tags":[97,96],"_links":{"self":[{"href":"http:\/\/www.ecoinea.org\/index.php\/wp-json\/wp\/v2\/posts\/903"}],"collection":[{"href":"http:\/\/www.ecoinea.org\/index.php\/wp-json\/wp\/v2\/posts"}],"about":[{"href":"http:\/\/www.ecoinea.org\/index.php\/wp-json\/wp\/v2\/types\/post"}],"author":[{"embeddable":true,"href":"http:\/\/www.ecoinea.org\/index.php\/wp-json\/wp\/v2\/users\/1"}],"replies":[{"embeddable":true,"href":"http:\/\/www.ecoinea.org\/index.php\/wp-json\/wp\/v2\/comments?post=903"}],"version-history":[{"count":3,"href":"http:\/\/www.ecoinea.org\/index.php\/wp-json\/wp\/v2\/posts\/903\/revisions"}],"predecessor-version":[{"id":1612,"href":"http:\/\/www.ecoinea.org\/index.php\/wp-json\/wp\/v2\/posts\/903\/revisions\/1612"}],"wp:attachment":[{"href":"http:\/\/www.ecoinea.org\/index.php\/wp-json\/wp\/v2\/media?parent=903"}],"wp:term":[{"taxonomy":"category","embeddable":true,"href":"http:\/\/www.ecoinea.org\/index.php\/wp-json\/wp\/v2\/categories?post=903"},{"taxonomy":"post_tag","embeddable":true,"href":"http:\/\/www.ecoinea.org\/index.php\/wp-json\/wp\/v2\/tags?post=903"}],"curies":[{"name":"wp","href":"https:\/\/api.w.org\/{rel}","templated":true}]}}