{"id":914,"date":"2018-03-14T18:55:22","date_gmt":"2018-03-14T18:55:22","guid":{"rendered":"http:\/\/pai.inea.org\/?p=914"},"modified":"2018-06-13T12:53:27","modified_gmt":"2018-06-13T12:53:27","slug":"colaboracion-entre-inea-y-el-isia-de-mexico","status":"publish","type":"post","link":"http:\/\/www.ecoinea.org\/index.php\/2018\/03\/14\/colaboracion-entre-inea-y-el-isia-de-mexico\/","title":{"rendered":"Colaboraci\u00f3n entre INEA y el ISIA de M\u00e9xico"},"content":{"rendered":"<p>El 14 de Marzo hemos tenido un encuentro con \u00d3scar Rodr\u00edguez Rivera Director del Insituto Superior Intercultural Ayuuk, un Centro Universitario que imparte tres titulaciones de Licenciatura en\u00a0Jaltepec de Candayoc, Cotzoc\u00f3n Mixe. Es un centro universitario perteneciente a la Compa\u00f1\u00eda de Jes\u00fas de M\u00e9xico donde la Compa\u00f1\u00eda tiene otras seis universidades.<\/p>\n<p>Este Centro est\u00e1 muy implicado con el trabajo con poblaci\u00f3n ind\u00edgena y altamente comprometido con la agroecolog\u00eda y el respeto medioambiental. Dada la gran afinidad entre los dos Centros se ha abierto una reflexi\u00f3n para estudiar posibles v\u00edas de colaboraci\u00f3n en la formaci\u00f3n de profesores y alumnos y en la posibilidad de compartir experiencias.\u00a0Tambi\u00e9n en el apoyo tutorial en trabajos final de Grado que abran la posibilidad de inciativas de econom\u00eda alternativa para esa regi\u00f3n pobre de M\u00e9xico.<\/p>\n<p>E la foto, el Director del ISIA junto con el director Inea y dos de sus profesores.<\/p>\n<p>Para saber m\u00e1s del ISIA puede visitar<a title=\"\" href=\"http:\/\/www.isia.edu.mx\/\" target=\"_blank\" rel=\"noopener\">\u00a0http:\/\/www.isia.edu.mx\/<\/a><\/p>\n<p>\u00d3scar es tambi\u00e9n Coordinador de la RED Comparte que liderada por Alboan aglutina a los Centros Sociales m\u00e1s destacados de la Compa\u00f1\u00eda de Jes\u00fas en Latinoam\u00e9rica. En esta Red, INEA es Centro colaborador.<\/p>\n<p>Asimismo hasta el a\u00f1o pasado era Presidente de Yomol A\u00b4tel una cooperativa de caf\u00e9 org\u00e1nico de familias ind\u00edgenas tzeltales, cuyo producto importa para Espa\u00f1a Come Sano Come Justo (Capeltic)<\/p>\n<p><a href=\"http:\/\/www.ecoinea.org\/wp-content\/uploads\/2018\/06\/l_oscar-mxico.jpg\"><img fetchpriority=\"high\" decoding=\"async\" class=\"aligncenter wp-image-1573 size-full\" src=\"http:\/\/www.ecoinea.org\/wp-content\/uploads\/2018\/06\/l_oscar-mxico.jpg\" alt=\"\" width=\"800\" height=\"600\" srcset=\"http:\/\/www.ecoinea.org\/wp-content\/uploads\/2018\/06\/l_oscar-mxico.jpg 800w, http:\/\/www.ecoinea.org\/wp-content\/uploads\/2018\/06\/l_oscar-mxico-300x225.jpg 300w, http:\/\/www.ecoinea.org\/wp-content\/uploads\/2018\/06\/l_oscar-mxico-768x576.jpg 768w\" sizes=\"(max-width: 800px) 100vw, 800px\" \/><\/a><\/p>\n","protected":false},"excerpt":{"rendered":"<p>El 14 de Marzo hemos tenido un encuentro con \u00d3scar Rodr\u00edguez Rivera Director del Insituto Superior Intercultural Ayuuk, un Centro Universitario que imparte tres titulaciones de Licenciatura en\u00a0Jaltepec de Candayoc, Cotzoc\u00f3n Mixe. Es un centro universitario perteneciente a la Compa\u00f1\u00eda de Jes\u00fas de M\u00e9xico donde la Compa\u00f1\u00eda tiene otras seis universidades. Este Centro est\u00e1 muy &#8230; <a title=\"Colaboraci\u00f3n entre INEA y el ISIA de M\u00e9xico\" class=\"read-more\" href=\"http:\/\/www.ecoinea.org\/index.php\/2018\/03\/14\/colaboracion-entre-inea-y-el-isia-de-mexico\/\">Leer m\u00e1s<span class=\"screen-reader-text\">Colaboraci\u00f3n entre INEA y el ISIA de M\u00e9xico<\/span><\/a><\/p>\n","protected":false},"author":1,"featured_media":0,"comment_status":"closed","ping_status":"closed","sticky":false,"template":"","format":"standard","meta":{"footnotes":""},"categories":[84,83,81],"tags":[90],"_links":{"self":[{"href":"http:\/\/www.ecoinea.org\/index.php\/wp-json\/wp\/v2\/posts\/914"}],"collection":[{"href":"http:\/\/www.ecoinea.org\/index.php\/wp-json\/wp\/v2\/posts"}],"about":[{"href":"http:\/\/www.ecoinea.org\/index.php\/wp-json\/wp\/v2\/types\/post"}],"author":[{"embeddable":true,"href":"http:\/\/www.ecoinea.org\/index.php\/wp-json\/wp\/v2\/users\/1"}],"replies":[{"embeddable":true,"href":"http:\/\/www.ecoinea.org\/index.php\/wp-json\/wp\/v2\/comments?post=914"}],"version-history":[{"count":5,"href":"http:\/\/www.ecoinea.org\/index.php\/wp-json\/wp\/v2\/posts\/914\/revisions"}],"predecessor-version":[{"id":1761,"href":"http:\/\/www.ecoinea.org\/index.php\/wp-json\/wp\/v2\/posts\/914\/revisions\/1761"}],"wp:attachment":[{"href":"http:\/\/www.ecoinea.org\/index.php\/wp-json\/wp\/v2\/media?parent=914"}],"wp:term":[{"taxonomy":"category","embeddable":true,"href":"http:\/\/www.ecoinea.org\/index.php\/wp-json\/wp\/v2\/categories?post=914"},{"taxonomy":"post_tag","embeddable":true,"href":"http:\/\/www.ecoinea.org\/index.php\/wp-json\/wp\/v2\/tags?post=914"}],"curies":[{"name":"wp","href":"https:\/\/api.w.org\/{rel}","templated":true}]}}