{"id":919,"date":"2018-03-14T19:05:45","date_gmt":"2018-03-14T19:05:45","guid":{"rendered":"http:\/\/pai.inea.org\/?p=919"},"modified":"2018-06-13T12:52:57","modified_gmt":"2018-06-13T12:52:57","slug":"ecopascua-y-ecoejercicios","status":"publish","type":"post","link":"http:\/\/www.ecoinea.org\/index.php\/2018\/03\/14\/ecopascua-y-ecoejercicios\/","title":{"rendered":"EcoPascua y Ecoejercicios"},"content":{"rendered":"<p>Esta Semana Santa celebraremos en Las Cortas de Blas la Ecopascua en su cuarta edici\u00f3n. Un total de 96 personas nos juntaremos para celebrar estos d\u00edas tan importantes para los cristianos desde una perspectiva ecol\u00f3gica.<\/p>\n<p>Tambi\u00e9n desde el 23 al 29 de Julio habr\u00e1 unos d\u00edas de ejercicios espirituales en clave de Laudato S\u00ed en Celorio (Asturias) para las personas que lo deseen.<\/p>\n","protected":false},"excerpt":{"rendered":"<p>Esta Semana Santa celebraremos en Las Cortas de Blas la Ecopascua en su cuarta edici\u00f3n. Un total de 96 personas nos juntaremos para celebrar estos d\u00edas tan importantes para los cristianos desde una perspectiva ecol\u00f3gica. Tambi\u00e9n desde el 23 al 29 de Julio habr\u00e1 unos d\u00edas de ejercicios espirituales en clave de Laudato S\u00ed en &#8230; <a title=\"EcoPascua y Ecoejercicios\" class=\"read-more\" href=\"http:\/\/www.ecoinea.org\/index.php\/2018\/03\/14\/ecopascua-y-ecoejercicios\/\">Leer m\u00e1s<span class=\"screen-reader-text\">EcoPascua y Ecoejercicios<\/span><\/a><\/p>\n","protected":false},"author":1,"featured_media":0,"comment_status":"closed","ping_status":"closed","sticky":false,"template":"","format":"standard","meta":{"footnotes":""},"categories":[84,81],"tags":[78],"_links":{"self":[{"href":"http:\/\/www.ecoinea.org\/index.php\/wp-json\/wp\/v2\/posts\/919"}],"collection":[{"href":"http:\/\/www.ecoinea.org\/index.php\/wp-json\/wp\/v2\/posts"}],"about":[{"href":"http:\/\/www.ecoinea.org\/index.php\/wp-json\/wp\/v2\/types\/post"}],"author":[{"embeddable":true,"href":"http:\/\/www.ecoinea.org\/index.php\/wp-json\/wp\/v2\/users\/1"}],"replies":[{"embeddable":true,"href":"http:\/\/www.ecoinea.org\/index.php\/wp-json\/wp\/v2\/comments?post=919"}],"version-history":[{"count":1,"href":"http:\/\/www.ecoinea.org\/index.php\/wp-json\/wp\/v2\/posts\/919\/revisions"}],"predecessor-version":[{"id":1427,"href":"http:\/\/www.ecoinea.org\/index.php\/wp-json\/wp\/v2\/posts\/919\/revisions\/1427"}],"wp:attachment":[{"href":"http:\/\/www.ecoinea.org\/index.php\/wp-json\/wp\/v2\/media?parent=919"}],"wp:term":[{"taxonomy":"category","embeddable":true,"href":"http:\/\/www.ecoinea.org\/index.php\/wp-json\/wp\/v2\/categories?post=919"},{"taxonomy":"post_tag","embeddable":true,"href":"http:\/\/www.ecoinea.org\/index.php\/wp-json\/wp\/v2\/tags?post=919"}],"curies":[{"name":"wp","href":"https:\/\/api.w.org\/{rel}","templated":true}]}}