{"id":923,"date":"2013-04-20T15:26:58","date_gmt":"2013-04-20T15:26:58","guid":{"rendered":"http:\/\/pai.inea.org\/?p=168"},"modified":"2018-06-14T08:44:16","modified_gmt":"2018-06-14T08:44:16","slug":"ultimas-publicaciones-en-cooperacion-al-desarrollo","status":"publish","type":"post","link":"http:\/\/www.ecoinea.org\/index.php\/2013\/04\/20\/ultimas-publicaciones-en-cooperacion-al-desarrollo\/","title":{"rendered":"Ultimas publicaciones en Cooperaci\u00f3n al Desarrollo"},"content":{"rendered":"<div>\n<p><b><\/b><b>Publicaciones en cooperaci\u00f3n para el Desarrollo<\/b><\/p>\n<\/div>\n<p>&nbsp;<\/p>\n<p>&#8211;\u00a0\u00a0\u00a0\u00a0\u00a0\u00a0 Un cap\u00edtulo en el libro de Actas del VI Congreso Universidad y Cooperaci\u00f3n al Desarrollo: Desarrollo Humano y Universidad.<\/p>\n<table border=\"1\" width=\"98%\" cellspacing=\"0\" cellpadding=\"0\">\n<tbody>\n<tr>\n<td valign=\"top\" nowrap=\"nowrap\" width=\"29%\">Caracter\u00edsticas<\/td>\n<td valign=\"top\" width=\"70%\">\n<p align=\"center\">Descripci\u00f3n<\/p>\n<\/td>\n<\/tr>\n<tr>\n<td valign=\"top\" nowrap=\"nowrap\" width=\"29%\">Autores<\/td>\n<td valign=\"top\" width=\"70%\">Ana Bel\u00e9n Collazos Bravo, Yeral Mesa Flori\u00e1n, Fernando Gonz\u00e1lez Andr\u00e9s y Beatriz Urbano L\u00f3pez de Meneses<\/td>\n<\/tr>\n<tr>\n<td valign=\"top\" nowrap=\"nowrap\" width=\"29%\">T\u00edtulo<\/td>\n<td valign=\"top\" width=\"70%\"><a href=\"http:\/\/www.sextocongresocud.es\/wp-content\/uploads\/2013\/03\/vicongresocud2013_submission_68.pdf\" target=\"_blank\" rel=\"noopener\">Investigaci\u00f3n en Sostenibilidad y Seguridad Alimentaria como motor de desarrollo Agrario del Sur,<\/a>\u00a0para la provincia de Barahona en Rep\u00fablica Dominicana<\/td>\n<\/tr>\n<tr>\n<td valign=\"top\" nowrap=\"nowrap\" width=\"29%\">Ref.<\/td>\n<td valign=\"top\" width=\"70%\">\u00a0\u00a0\u00a0<b>Cap\u00edtulo en libro de Actas de Congreso<\/b><\/td>\n<\/tr>\n<tr>\n<td valign=\"top\" nowrap=\"nowrap\" width=\"29%\">Editorial<\/td>\n<td valign=\"top\" width=\"70%\">Universidad Polit\u00e9cnica de Valencia<\/td>\n<\/tr>\n<tr>\n<td valign=\"top\" nowrap=\"nowrap\" width=\"29%\">Lugar de publicaci\u00f3n<\/td>\n<td valign=\"top\" width=\"70%\">Valencia<\/td>\n<\/tr>\n<tr>\n<td valign=\"top\" nowrap=\"nowrap\" width=\"29%\">A\u00f1o<\/td>\n<td valign=\"top\" width=\"70%\">2013<\/td>\n<\/tr>\n<tr>\n<td valign=\"top\" nowrap=\"nowrap\" width=\"29%\">ISBN:<\/td>\n<td valign=\"top\" width=\"70%\">978-84-8319-564-2<\/td>\n<\/tr>\n<\/tbody>\n<\/table>\n<p><b>\u00a0<\/b><\/p>\n<p><b>\u00a0<\/b><\/p>\n<p>&#8211;\u00a0\u00a0\u00a0\u00a0\u00a0\u00a0 La cooperante Laura Terr\u00f3n y del proyecto en el que particip\u00f3 Programa de Producci\u00f3n y Comercializaci\u00f3n sostenible en la frontera dominico-haitiana de la Red Universitaria sobre Investigaci\u00f3n en cooperaci\u00f3n ha resultado un cap\u00edtulo de libro \u201cSostenibilidad Econ\u00f3mica y Seguridad Alimentaria: El Caso del Mercado Binacional de Dajab\u00f3n\u201d en el libro en prensa Investigaciones Agrarias para un desarrollo sostenible: Estudio de casos.<b><\/b><\/p>\n<p>&nbsp;<\/p>\n<table border=\"1\" width=\"98%\" cellspacing=\"0\" cellpadding=\"0\">\n<tbody>\n<tr>\n<td valign=\"top\" nowrap=\"nowrap\" width=\"29%\">Caracter\u00edsticas<\/td>\n<td valign=\"top\" width=\"70%\">\n<p align=\"center\">Descripci\u00f3n<\/p>\n<\/td>\n<\/tr>\n<tr>\n<td valign=\"top\" nowrap=\"nowrap\" width=\"29%\">Autores<\/td>\n<td valign=\"top\" width=\"70%\">L\u00f3pez Terr\u00f3n, L.<\/td>\n<\/tr>\n<tr>\n<td valign=\"top\" nowrap=\"nowrap\" width=\"29%\">T\u00edtulo<\/td>\n<td valign=\"top\" width=\"70%\">Sostenibilidad Econ\u00f3mica y Seguridad Alimentaria: El Caso del Mercado Binacional de Dajab\u00f3n<\/td>\n<\/tr>\n<tr>\n<td valign=\"top\" nowrap=\"nowrap\" width=\"29%\">Ref.<\/td>\n<td valign=\"top\" width=\"70%\">\u00a0\u00a0\u00a0<b>Cap\u00edtulo de libro: <\/b><b><\/b>Investigaciones Agrarias para un desarrollo sostenible: Estudio de casos<\/td>\n<\/tr>\n<tr>\n<td valign=\"top\" nowrap=\"nowrap\" width=\"29%\">Editorial<\/td>\n<td valign=\"top\" width=\"70%\">En prensa<\/td>\n<\/tr>\n<tr>\n<td valign=\"top\" nowrap=\"nowrap\" width=\"29%\">Lugar de publicaci\u00f3n<\/td>\n<td valign=\"top\" width=\"70%\">Valladolid<\/td>\n<\/tr>\n<tr>\n<td valign=\"top\" nowrap=\"nowrap\" width=\"29%\">A\u00f1o<\/td>\n<td valign=\"top\" width=\"70%\">2013<\/td>\n<\/tr>\n<tr>\n<td valign=\"top\" nowrap=\"nowrap\" width=\"29%\">ISBN:<\/td>\n<td valign=\"top\" width=\"70%\">En prensa<\/td>\n<\/tr>\n<\/tbody>\n<\/table>\n<p><b>\u00a0<\/b><\/p>\n<p>&nbsp;<\/p>\n<p>&#8211; Se han escrito dos cap\u00edtulos de libros dentro del proyecto <b>&#8220;An\u00e1lisis de los problemas de la cadena de valor de alimentos, como contribuci\u00f3n a una agricultura para el desarrollo, en Rep\u00fablica Dominicana&#8221; , <\/b>el primero de ellos <i>\u201cCl\u00faster Agroalimentario y Desarrollo rural en Rep\u00fablica Dominicana\u201d <\/i>en el libro Metodolog\u00eda y funcionamiento de la cadena de valor alimentaria: un enfoque pluridisciplinar e internacional que se encuentra en prensa y el segundo <i>\u201cAn\u00e1lisis de la cadena de valor en Rep\u00fablica Dominicana: aproximaci\u00f3n metodol\u00f3gica\u201d en <\/i>Investigaciones Agrarias para un desarrollo sostenible: Estudio de casos.<i><\/i><\/p>\n<table border=\"1\" width=\"98%\" cellspacing=\"0\" cellpadding=\"0\">\n<tbody>\n<tr>\n<td valign=\"top\" nowrap=\"nowrap\" width=\"29%\">Caracter\u00edsticas<\/td>\n<td valign=\"top\" width=\"70%\">\n<p align=\"center\">Descripci\u00f3n<\/p>\n<\/td>\n<\/tr>\n<tr>\n<td valign=\"top\" nowrap=\"nowrap\" width=\"29%\">Autores<\/td>\n<td valign=\"top\" width=\"70%\">Rond\u00f3n, F. y Urbano L\u00f3pez de Meneses, B.<\/td>\n<\/tr>\n<tr>\n<td valign=\"top\" nowrap=\"nowrap\" width=\"29%\">T\u00edtulo<\/td>\n<td valign=\"top\" width=\"70%\">Cl\u00faster Agroalimentario y Desarrollo rural en Rep\u00fablica Dominicana<\/td>\n<\/tr>\n<tr>\n<td valign=\"top\" nowrap=\"nowrap\" width=\"29%\">Ref.<\/td>\n<td valign=\"top\" width=\"70%\"><b>Cap\u00edtulo de libro:<\/b>Metodolog\u00eda y funcionamiento de la cadena de valor alimentaria: un enfoque pluridisciplinar e internacional<\/td>\n<\/tr>\n<tr>\n<td valign=\"top\" nowrap=\"nowrap\" width=\"29%\">Editorial<\/td>\n<td valign=\"top\" width=\"70%\">Agr\u00edcola Espa\u00f1ola<\/td>\n<\/tr>\n<tr>\n<td valign=\"top\" nowrap=\"nowrap\" width=\"29%\">Lugar de publicaci\u00f3n<\/td>\n<td valign=\"top\" width=\"70%\">Madrid<\/td>\n<\/tr>\n<tr>\n<td valign=\"top\" nowrap=\"nowrap\" width=\"29%\">A\u00f1o<\/td>\n<td valign=\"top\" width=\"70%\">2013<\/td>\n<\/tr>\n<tr>\n<td valign=\"top\" nowrap=\"nowrap\" width=\"29%\">ISBN:<\/td>\n<td valign=\"top\" width=\"70%\">En prensa<\/td>\n<\/tr>\n<\/tbody>\n<\/table>\n<p>&nbsp;<\/p>\n<p>&nbsp;<\/p>\n<table border=\"1\" width=\"98%\" cellspacing=\"0\" cellpadding=\"0\">\n<tbody>\n<tr>\n<td valign=\"top\" nowrap=\"nowrap\" width=\"29%\">Caracter\u00edsticas<\/td>\n<td valign=\"top\" width=\"70%\">\n<p align=\"center\">Descripci\u00f3n<\/p>\n<\/td>\n<\/tr>\n<tr>\n<td valign=\"top\" nowrap=\"nowrap\" width=\"29%\">Autores<\/td>\n<td valign=\"top\" width=\"70%\">Rond\u00f3n, F. y Urbano L\u00f3pez de Meneses, B.<\/td>\n<\/tr>\n<tr>\n<td valign=\"top\" nowrap=\"nowrap\" width=\"29%\">T\u00edtulo<\/td>\n<td valign=\"top\" width=\"70%\">An\u00e1lisis de la cadena de valor en Rep\u00fablica Dominicana: aproximaci\u00f3n metodol\u00f3gica<\/td>\n<\/tr>\n<tr>\n<td valign=\"top\" nowrap=\"nowrap\" width=\"29%\">Ref.<\/td>\n<td valign=\"top\" width=\"70%\"><b>Cap\u00edtulo de libro: <\/b><b><\/b>Investigaciones Agrarias para un desarrollo sostenible: Estudio de casos<\/td>\n<\/tr>\n<tr>\n<td valign=\"top\" nowrap=\"nowrap\" width=\"29%\">Editorial<\/td>\n<td valign=\"top\" width=\"70%\">En prensa<\/td>\n<\/tr>\n<tr>\n<td valign=\"top\" nowrap=\"nowrap\" width=\"29%\">Lugar de publicaci\u00f3n<\/td>\n<td valign=\"top\" width=\"70%\">Valladolid<\/td>\n<\/tr>\n<tr>\n<td valign=\"top\" nowrap=\"nowrap\" width=\"29%\">A\u00f1o<\/td>\n<td valign=\"top\" width=\"70%\">2013<\/td>\n<\/tr>\n<tr>\n<td valign=\"top\" nowrap=\"nowrap\" width=\"29%\">ISBN:<\/td>\n<td valign=\"top\" width=\"70%\">En prensa<\/td>\n<\/tr>\n<\/tbody>\n<\/table>\n","protected":false},"excerpt":{"rendered":"<p>Publicaciones en cooperaci\u00f3n para el Desarrollo &nbsp; &#8211;\u00a0\u00a0\u00a0\u00a0\u00a0\u00a0 Un cap\u00edtulo en el libro de Actas del VI Congreso Universidad y Cooperaci\u00f3n al Desarrollo: Desarrollo Humano y Universidad. Caracter\u00edsticas Descripci\u00f3n Autores Ana Bel\u00e9n Collazos Bravo, Yeral Mesa Flori\u00e1n, Fernando Gonz\u00e1lez Andr\u00e9s y Beatriz Urbano L\u00f3pez de Meneses T\u00edtulo Investigaci\u00f3n en Sostenibilidad y Seguridad Alimentaria como motor &#8230; <a title=\"Ultimas publicaciones en Cooperaci\u00f3n al Desarrollo\" class=\"read-more\" href=\"http:\/\/www.ecoinea.org\/index.php\/2013\/04\/20\/ultimas-publicaciones-en-cooperacion-al-desarrollo\/\">Leer m\u00e1s<span class=\"screen-reader-text\">Ultimas publicaciones en Cooperaci\u00f3n al Desarrollo<\/span><\/a><\/p>\n","protected":false},"author":1,"featured_media":0,"comment_status":"open","ping_status":"open","sticky":false,"template":"","format":"standard","meta":{"footnotes":""},"categories":[84,81],"tags":[139],"_links":{"self":[{"href":"http:\/\/www.ecoinea.org\/index.php\/wp-json\/wp\/v2\/posts\/923"}],"collection":[{"href":"http:\/\/www.ecoinea.org\/index.php\/wp-json\/wp\/v2\/posts"}],"about":[{"href":"http:\/\/www.ecoinea.org\/index.php\/wp-json\/wp\/v2\/types\/post"}],"author":[{"embeddable":true,"href":"http:\/\/www.ecoinea.org\/index.php\/wp-json\/wp\/v2\/users\/1"}],"replies":[{"embeddable":true,"href":"http:\/\/www.ecoinea.org\/index.php\/wp-json\/wp\/v2\/comments?post=923"}],"version-history":[{"count":3,"href":"http:\/\/www.ecoinea.org\/index.php\/wp-json\/wp\/v2\/posts\/923\/revisions"}],"predecessor-version":[{"id":1963,"href":"http:\/\/www.ecoinea.org\/index.php\/wp-json\/wp\/v2\/posts\/923\/revisions\/1963"}],"wp:attachment":[{"href":"http:\/\/www.ecoinea.org\/index.php\/wp-json\/wp\/v2\/media?parent=923"}],"wp:term":[{"taxonomy":"category","embeddable":true,"href":"http:\/\/www.ecoinea.org\/index.php\/wp-json\/wp\/v2\/categories?post=923"},{"taxonomy":"post_tag","embeddable":true,"href":"http:\/\/www.ecoinea.org\/index.php\/wp-json\/wp\/v2\/tags?post=923"}],"curies":[{"name":"wp","href":"https:\/\/api.w.org\/{rel}","templated":true}]}}