{"id":924,"date":"2013-04-20T15:33:56","date_gmt":"2013-04-20T15:33:56","guid":{"rendered":"http:\/\/pai.inea.org\/?p=172"},"modified":"2018-06-14T08:42:48","modified_gmt":"2018-06-14T08:42:48","slug":"cooperacion-con-r-dominicana","status":"publish","type":"post","link":"http:\/\/www.ecoinea.org\/index.php\/2013\/04\/20\/cooperacion-con-r-dominicana\/","title":{"rendered":"Cooperaci\u00f3n con R. Dominicana"},"content":{"rendered":"<p>Del 17 al 25 de septiembre de 2012, Jes\u00fas de Torres y Beatriz Urbano han estado en la Rep\u00fablica Dominicana realizando diversas actividades de los proyectos que est\u00e1n en marcha de la Agencia Espa\u00f1ola de Cooperaci\u00f3n Internacional AECID y en los que la Fundaci\u00f3n INEA participa. Han realizado paneles de expertos dentro del proyecto <b>\u201cEl modelo de Cadena de Valor Alimentaria como estrategia para el desarrollo rural: Aplicaci\u00f3n al caso de zonas marginales en la Rep\u00fablica Dominicana\u201d.<\/b> Se organizaron diversos paneles de expertos en rubros b\u00e1sicos del pa\u00eds como el arroz, el pollo y los vegetales en Santiago de los Caballeros y San Cristobal, en el Instituto Polit\u00e9cnico Loyola que convoc\u00f3 a productores, transformadores, distribuidores y comerciantes de los tres sectores implicados adem\u00e1s de incluir la visi\u00f3n.<\/p>\n<p><a href=\"http:\/\/www.ecoinea.org\/wp-content\/uploads\/2013\/04\/cooperacion-rdominicana.jpg\"><img fetchpriority=\"high\" decoding=\"async\" class=\"aligncenter wp-image-1838 size-large\" src=\"http:\/\/www.ecoinea.org\/wp-content\/uploads\/2013\/04\/cooperacion-rdominicana-1024x768.jpg\" alt=\"\" width=\"1024\" height=\"768\" srcset=\"http:\/\/www.ecoinea.org\/wp-content\/uploads\/2013\/04\/cooperacion-rdominicana.jpg 1024w, http:\/\/www.ecoinea.org\/wp-content\/uploads\/2013\/04\/cooperacion-rdominicana-300x225.jpg 300w, http:\/\/www.ecoinea.org\/wp-content\/uploads\/2013\/04\/cooperacion-rdominicana-768x576.jpg 768w\" sizes=\"(max-width: 1024px) 100vw, 1024px\" \/><\/a><\/p>\n","protected":false},"excerpt":{"rendered":"<p>Del 17 al 25 de septiembre de 2012, Jes\u00fas de Torres y Beatriz Urbano han estado en la Rep\u00fablica Dominicana realizando diversas actividades de los proyectos que est\u00e1n en marcha de la Agencia Espa\u00f1ola de Cooperaci\u00f3n Internacional AECID y en los que la Fundaci\u00f3n INEA participa. Han realizado paneles de expertos dentro del proyecto \u201cEl &#8230; <a title=\"Cooperaci\u00f3n con R. Dominicana\" class=\"read-more\" href=\"http:\/\/www.ecoinea.org\/index.php\/2013\/04\/20\/cooperacion-con-r-dominicana\/\">Leer m\u00e1s<span class=\"screen-reader-text\">Cooperaci\u00f3n con R. Dominicana<\/span><\/a><\/p>\n","protected":false},"author":1,"featured_media":0,"comment_status":"open","ping_status":"open","sticky":false,"template":"","format":"standard","meta":{"footnotes":""},"categories":[84,81],"tags":[90],"_links":{"self":[{"href":"http:\/\/www.ecoinea.org\/index.php\/wp-json\/wp\/v2\/posts\/924"}],"collection":[{"href":"http:\/\/www.ecoinea.org\/index.php\/wp-json\/wp\/v2\/posts"}],"about":[{"href":"http:\/\/www.ecoinea.org\/index.php\/wp-json\/wp\/v2\/types\/post"}],"author":[{"embeddable":true,"href":"http:\/\/www.ecoinea.org\/index.php\/wp-json\/wp\/v2\/users\/1"}],"replies":[{"embeddable":true,"href":"http:\/\/www.ecoinea.org\/index.php\/wp-json\/wp\/v2\/comments?post=924"}],"version-history":[{"count":3,"href":"http:\/\/www.ecoinea.org\/index.php\/wp-json\/wp\/v2\/posts\/924\/revisions"}],"predecessor-version":[{"id":1839,"href":"http:\/\/www.ecoinea.org\/index.php\/wp-json\/wp\/v2\/posts\/924\/revisions\/1839"}],"wp:attachment":[{"href":"http:\/\/www.ecoinea.org\/index.php\/wp-json\/wp\/v2\/media?parent=924"}],"wp:term":[{"taxonomy":"category","embeddable":true,"href":"http:\/\/www.ecoinea.org\/index.php\/wp-json\/wp\/v2\/categories?post=924"},{"taxonomy":"post_tag","embeddable":true,"href":"http:\/\/www.ecoinea.org\/index.php\/wp-json\/wp\/v2\/tags?post=924"}],"curies":[{"name":"wp","href":"https:\/\/api.w.org\/{rel}","templated":true}]}}