{"id":926,"date":"2013-04-21T06:41:18","date_gmt":"2013-04-21T06:41:18","guid":{"rendered":"http:\/\/pai.inea.org\/?p=221"},"modified":"2018-06-14T08:40:44","modified_gmt":"2018-06-14T08:40:44","slug":"reunion-con-el-ministerio-en-favor-de-la-castellana-negra","status":"publish","type":"post","link":"http:\/\/www.ecoinea.org\/index.php\/2013\/04\/21\/reunion-con-el-ministerio-en-favor-de-la-castellana-negra\/","title":{"rendered":"Reuni\u00f3n con el Ministerio en favor de la castellana Negra"},"content":{"rendered":"<p>El pr\u00f3ximo s\u00e1bado d\u00eda 27 de abril de 2013 tendr\u00e1 lugar una reuni\u00f3n en el Ministerio de Agricultura para sentar las bases de la recuperaci\u00f3n de la capacidad de ponedora de la castellana negra. La reuni\u00f3n viene provocada por GANECA, asociaci\u00f3n a la que pertenece INEA. Por nuestra parte asistir\u00e1 la Dra. Pilar Guti\u00e9rrez experta en temas av\u00edcolas con un nutrido grupo de miembros de la Asociaci\u00f3n. Inea, junto a Las Cortas de Blas son los dos \u00fanicos n\u00facleos que adem\u00e1s producen huevo ecol\u00f3gico certificado en Producci\u00f3n ecol\u00f3gica.<\/p>\n<p><a href=\"http:\/\/www.ecoinea.org\/wp-content\/uploads\/2018\/06\/DSC4080_bj.jpg\"><img fetchpriority=\"high\" decoding=\"async\" class=\"aligncenter wp-image-216 size-full\" src=\"http:\/\/www.ecoinea.org\/wp-content\/uploads\/2018\/06\/DSC4080_bj.jpg\" alt=\"\" width=\"800\" height=\"532\" srcset=\"http:\/\/www.ecoinea.org\/wp-content\/uploads\/2018\/06\/DSC4080_bj.jpg 800w, http:\/\/www.ecoinea.org\/wp-content\/uploads\/2018\/06\/DSC4080_bj-300x200.jpg 300w, http:\/\/www.ecoinea.org\/wp-content\/uploads\/2018\/06\/DSC4080_bj-768x511.jpg 768w\" sizes=\"(max-width: 800px) 100vw, 800px\" \/><\/a><\/p>\n","protected":false},"excerpt":{"rendered":"<p>El pr\u00f3ximo s\u00e1bado d\u00eda 27 de abril de 2013 tendr\u00e1 lugar una reuni\u00f3n en el Ministerio de Agricultura para sentar las bases de la recuperaci\u00f3n de la capacidad de ponedora de la castellana negra. La reuni\u00f3n viene provocada por GANECA, asociaci\u00f3n a la que pertenece INEA. Por nuestra parte asistir\u00e1 la Dra. Pilar Guti\u00e9rrez experta &#8230; <a title=\"Reuni\u00f3n con el Ministerio en favor de la castellana Negra\" class=\"read-more\" href=\"http:\/\/www.ecoinea.org\/index.php\/2013\/04\/21\/reunion-con-el-ministerio-en-favor-de-la-castellana-negra\/\">Leer m\u00e1s<span class=\"screen-reader-text\">Reuni\u00f3n con el Ministerio en favor de la castellana Negra<\/span><\/a><\/p>\n","protected":false},"author":1,"featured_media":0,"comment_status":"open","ping_status":"open","sticky":false,"template":"","format":"standard","meta":{"footnotes":""},"categories":[81],"tags":[122,110,96],"_links":{"self":[{"href":"http:\/\/www.ecoinea.org\/index.php\/wp-json\/wp\/v2\/posts\/926"}],"collection":[{"href":"http:\/\/www.ecoinea.org\/index.php\/wp-json\/wp\/v2\/posts"}],"about":[{"href":"http:\/\/www.ecoinea.org\/index.php\/wp-json\/wp\/v2\/types\/post"}],"author":[{"embeddable":true,"href":"http:\/\/www.ecoinea.org\/index.php\/wp-json\/wp\/v2\/users\/1"}],"replies":[{"embeddable":true,"href":"http:\/\/www.ecoinea.org\/index.php\/wp-json\/wp\/v2\/comments?post=926"}],"version-history":[{"count":2,"href":"http:\/\/www.ecoinea.org\/index.php\/wp-json\/wp\/v2\/posts\/926\/revisions"}],"predecessor-version":[{"id":1834,"href":"http:\/\/www.ecoinea.org\/index.php\/wp-json\/wp\/v2\/posts\/926\/revisions\/1834"}],"wp:attachment":[{"href":"http:\/\/www.ecoinea.org\/index.php\/wp-json\/wp\/v2\/media?parent=926"}],"wp:term":[{"taxonomy":"category","embeddable":true,"href":"http:\/\/www.ecoinea.org\/index.php\/wp-json\/wp\/v2\/categories?post=926"},{"taxonomy":"post_tag","embeddable":true,"href":"http:\/\/www.ecoinea.org\/index.php\/wp-json\/wp\/v2\/tags?post=926"}],"curies":[{"name":"wp","href":"https:\/\/api.w.org\/{rel}","templated":true}]}}