{"id":927,"date":"2013-04-21T15:13:25","date_gmt":"2013-04-21T15:13:25","guid":{"rendered":"http:\/\/pai.inea.org\/?p=235"},"modified":"2018-06-14T08:40:08","modified_gmt":"2018-06-14T08:40:08","slug":"proyecto-de-trabajo-agroecologico-con-discapacidad","status":"publish","type":"post","link":"http:\/\/www.ecoinea.org\/index.php\/2013\/04\/21\/proyecto-de-trabajo-agroecologico-con-discapacidad\/","title":{"rendered":"Proyecto de trabajo agroecol\u00f3gico con discapacidad"},"content":{"rendered":"<p>El 1 de Julio comenzar\u00e1 esta nueva experiencia que a\u00fan formaci\u00f3n y trabajo remunerado de forma paralela a la que estamos llevando a cabo con inmigrantes en este momento. estamos ahora en proceso de selecci\u00f3n de las 6 personas que van a participar en la experiencia; fundamentalmente ser\u00e1n personas con enfermedad mental. El proyecto durar\u00e1 dos meses y medio.<\/p>\n<p>&nbsp;<\/p>\n","protected":false},"excerpt":{"rendered":"<p>El 1 de Julio comenzar\u00e1 esta nueva experiencia que a\u00fan formaci\u00f3n y trabajo remunerado de forma paralela a la que estamos llevando a cabo con inmigrantes en este momento. estamos ahora en proceso de selecci\u00f3n de las 6 personas que van a participar en la experiencia; fundamentalmente ser\u00e1n personas con enfermedad mental. El proyecto durar\u00e1 &#8230; <a title=\"Proyecto de trabajo agroecol\u00f3gico con discapacidad\" class=\"read-more\" href=\"http:\/\/www.ecoinea.org\/index.php\/2013\/04\/21\/proyecto-de-trabajo-agroecologico-con-discapacidad\/\">Leer m\u00e1s<span class=\"screen-reader-text\">Proyecto de trabajo agroecol\u00f3gico con discapacidad<\/span><\/a><\/p>\n","protected":false},"author":1,"featured_media":0,"comment_status":"open","ping_status":"open","sticky":false,"template":"","format":"standard","meta":{"footnotes":""},"categories":[86,81],"tags":[136],"_links":{"self":[{"href":"http:\/\/www.ecoinea.org\/index.php\/wp-json\/wp\/v2\/posts\/927"}],"collection":[{"href":"http:\/\/www.ecoinea.org\/index.php\/wp-json\/wp\/v2\/posts"}],"about":[{"href":"http:\/\/www.ecoinea.org\/index.php\/wp-json\/wp\/v2\/types\/post"}],"author":[{"embeddable":true,"href":"http:\/\/www.ecoinea.org\/index.php\/wp-json\/wp\/v2\/users\/1"}],"replies":[{"embeddable":true,"href":"http:\/\/www.ecoinea.org\/index.php\/wp-json\/wp\/v2\/comments?post=927"}],"version-history":[{"count":1,"href":"http:\/\/www.ecoinea.org\/index.php\/wp-json\/wp\/v2\/posts\/927\/revisions"}],"predecessor-version":[{"id":1386,"href":"http:\/\/www.ecoinea.org\/index.php\/wp-json\/wp\/v2\/posts\/927\/revisions\/1386"}],"wp:attachment":[{"href":"http:\/\/www.ecoinea.org\/index.php\/wp-json\/wp\/v2\/media?parent=927"}],"wp:term":[{"taxonomy":"category","embeddable":true,"href":"http:\/\/www.ecoinea.org\/index.php\/wp-json\/wp\/v2\/categories?post=927"},{"taxonomy":"post_tag","embeddable":true,"href":"http:\/\/www.ecoinea.org\/index.php\/wp-json\/wp\/v2\/tags?post=927"}],"curies":[{"name":"wp","href":"https:\/\/api.w.org\/{rel}","templated":true}]}}