{"id":929,"date":"2013-04-28T18:36:55","date_gmt":"2013-04-28T18:36:55","guid":{"rendered":"http:\/\/pai.inea.org\/?p=257"},"modified":"2018-06-14T08:39:25","modified_gmt":"2018-06-14T08:39:25","slug":"fiestas-de-san-isidro","status":"publish","type":"post","link":"http:\/\/www.ecoinea.org\/index.php\/2013\/04\/28\/fiestas-de-san-isidro\/","title":{"rendered":"Fiestas de san Isidro"},"content":{"rendered":"<p>El d\u00eda 15 de Mayo celebramos San Isidro labrador. En los huertos ecol\u00f3gicos de INEA tendremos este Programa de Actos<br \/>\nD\u00edas previos<\/p>\n<div>D\u00eda 10 de Mayo. Fallo del Jurado del Concurso de Videos de Huertos escolares.<\/div>\n<div>D\u00eda 14 de Mayo 9,00. I Torneo de Golf Huertos Ecol\u00f3gicos \u00a0en Sotoverde (Arroyo)-<\/div>\n<div><\/div>\n<div>D\u00eda 15 de Mayo. Festividad de san Isidro Labrador<\/div>\n<div>\u00a0 \u00a017,30. Celebraci\u00f3n de la Misa en Honor del Santo Patr\u00f3n. Con la colaboraci\u00f3n del Centro de Mayores de san Juan<\/div>\n<div>\u00a0 \u00a018,00. Bendici\u00f3n de los campos.<\/div>\n<div>\u00a0 \u00a019,00. Actos social presidido por el Sr. alcalde D. javier le\u00f3n de la Riva<\/div>\n<div>\u00a0 \u00a0 \u00a0 \u00a0 \u00a0 . Entrega del premio Video Escolar huertos<\/div>\n<div>\u00a0 \u00a0 \u00a0 \u00a0 \u00a0 . Entrega Premios I Torneo de golf.<\/div>\n<div>\u00a0 \u00a0 \u00a0 \u00a0 \u00a0 . Entrega actas de los nuevos hortelanos 2013.<\/div>\n<div>\u00a0 \u00a0 \u00a0 \u00a0 \u00a0 \u00a0 Premios y Distinciones<\/div>\n<div>\u00a0 \u00a0 \u00a0 \u00a0 \u00a0 \u00a0 Palabras de las autoridades presentes y representante de los hortelanos.<\/div>\n<div>\u00a0 \u00a0 \u00a020,00. Vino espa\u00f1ol y baile.<\/div>\n<div>\u00a0 \u00a0 21,00 Fin de fiesta<\/div>\n","protected":false},"excerpt":{"rendered":"<p>El d\u00eda 15 de Mayo celebramos San Isidro labrador. En los huertos ecol\u00f3gicos de INEA tendremos este Programa de Actos D\u00edas previos D\u00eda 10 de Mayo. Fallo del Jurado del Concurso de Videos de Huertos escolares. D\u00eda 14 de Mayo 9,00. I Torneo de Golf Huertos Ecol\u00f3gicos \u00a0en Sotoverde (Arroyo)- D\u00eda 15 de Mayo. Festividad &#8230; <a title=\"Fiestas de san Isidro\" class=\"read-more\" href=\"http:\/\/www.ecoinea.org\/index.php\/2013\/04\/28\/fiestas-de-san-isidro\/\">Leer m\u00e1s<span class=\"screen-reader-text\">Fiestas de san Isidro<\/span><\/a><\/p>\n","protected":false},"author":1,"featured_media":0,"comment_status":"open","ping_status":"open","sticky":false,"template":"","format":"standard","meta":{"footnotes":""},"categories":[82,81],"tags":[87],"_links":{"self":[{"href":"http:\/\/www.ecoinea.org\/index.php\/wp-json\/wp\/v2\/posts\/929"}],"collection":[{"href":"http:\/\/www.ecoinea.org\/index.php\/wp-json\/wp\/v2\/posts"}],"about":[{"href":"http:\/\/www.ecoinea.org\/index.php\/wp-json\/wp\/v2\/types\/post"}],"author":[{"embeddable":true,"href":"http:\/\/www.ecoinea.org\/index.php\/wp-json\/wp\/v2\/users\/1"}],"replies":[{"embeddable":true,"href":"http:\/\/www.ecoinea.org\/index.php\/wp-json\/wp\/v2\/comments?post=929"}],"version-history":[{"count":1,"href":"http:\/\/www.ecoinea.org\/index.php\/wp-json\/wp\/v2\/posts\/929\/revisions"}],"predecessor-version":[{"id":1557,"href":"http:\/\/www.ecoinea.org\/index.php\/wp-json\/wp\/v2\/posts\/929\/revisions\/1557"}],"wp:attachment":[{"href":"http:\/\/www.ecoinea.org\/index.php\/wp-json\/wp\/v2\/media?parent=929"}],"wp:term":[{"taxonomy":"category","embeddable":true,"href":"http:\/\/www.ecoinea.org\/index.php\/wp-json\/wp\/v2\/categories?post=929"},{"taxonomy":"post_tag","embeddable":true,"href":"http:\/\/www.ecoinea.org\/index.php\/wp-json\/wp\/v2\/tags?post=929"}],"curies":[{"name":"wp","href":"https:\/\/api.w.org\/{rel}","templated":true}]}}