{"id":930,"date":"2013-05-07T21:53:20","date_gmt":"2013-05-07T21:53:20","guid":{"rendered":"http:\/\/pai.inea.org\/?p=271"},"modified":"2018-06-14T08:39:08","modified_gmt":"2018-06-14T08:39:08","slug":"conferencia-de-leandro-sequeiros","status":"publish","type":"post","link":"http:\/\/www.ecoinea.org\/index.php\/2013\/05\/07\/conferencia-de-leandro-sequeiros\/","title":{"rendered":"Conferencia de Leandro Sequeiros"},"content":{"rendered":"<p><b>De la cultura del tener a la cultura del \u00a0ser<\/b>.\u00a0 Un cambio esencial por el que apuesta Leandro Sequeiros, sj, quien abord\u00f3 dentro de la Semana de Espiritualidad y Ecolog\u00eda que se celebra estos d\u00edas en la Sala Borja, \u2018Custodiar la creaci\u00f3n. Guardianes \u00a0de lo humano y del ambiente\u201d. \u00a0El Instituto de Fe y Desarrollo y la Fundaci\u00f3n INEA han organizado juntos este ciclo de conferencias con el fin de reflexionar y ahondar en el reto medioambiental en clave creyente. Desde la perspectiva de Sequeiros, la posici\u00f3n que ha de tomar \u00a0el creyente ante los problemas reales del medioambiente conlleva tres elementos: fe, justicia y medioambiente. \u00a0Sigue el \u00a0an\u00e1lisis ignaciano, ver (contemplar la realidad de un mundo herido), juzgar (juzgar el mundo desde los desequilibrios provocados por los modelos de desarrollo) y actuar (las religiones, la gobernanza mundial y las cumbres internacionales son las que tienen la posibilidad). Y a esta realidad le sum\u00f3 un cuarto y un quinto aspecto: \u201c\u00bfEs suficiente el desarrollo sostenible?\u201d a lo que \u00e9l respondi\u00f3 desde el \u2018ecodesarrollo\u2019.\u00a0 Este t\u00e9rmino que recoge la inquietud del creyente, m\u00e1s all\u00e1 de la sostenibilidad en cuanto que integra y potencia al ser humano. \u201cCustodiar la creaci\u00f3n es defender a los pobres\u201d, \u00a0son palabras del papa Francisco cuando todav\u00eda era cardenal. Y para \u00e9l recobran actualidad por el hecho de que interpelan a quienes tienen que actuar ante un mundo herido (\u2018Sanar un mundo herido\u2019 es el documento de la Compa\u00f1\u00eda de Jes\u00fas que refleja su compromiso con la creaci\u00f3n).<\/p>\n<p>&nbsp;<\/p>\n","protected":false},"excerpt":{"rendered":"<p>De la cultura del tener a la cultura del \u00a0ser.\u00a0 Un cambio esencial por el que apuesta Leandro Sequeiros, sj, quien abord\u00f3 dentro de la Semana de Espiritualidad y Ecolog\u00eda que se celebra estos d\u00edas en la Sala Borja, \u2018Custodiar la creaci\u00f3n. Guardianes \u00a0de lo humano y del ambiente\u201d. \u00a0El Instituto de Fe y Desarrollo &#8230; <a title=\"Conferencia de Leandro Sequeiros\" class=\"read-more\" href=\"http:\/\/www.ecoinea.org\/index.php\/2013\/05\/07\/conferencia-de-leandro-sequeiros\/\">Leer m\u00e1s<span class=\"screen-reader-text\">Conferencia de Leandro Sequeiros<\/span><\/a><\/p>\n","protected":false},"author":1,"featured_media":0,"comment_status":"open","ping_status":"open","sticky":false,"template":"","format":"standard","meta":{"footnotes":""},"categories":[84,81],"tags":[138,125],"_links":{"self":[{"href":"http:\/\/www.ecoinea.org\/index.php\/wp-json\/wp\/v2\/posts\/930"}],"collection":[{"href":"http:\/\/www.ecoinea.org\/index.php\/wp-json\/wp\/v2\/posts"}],"about":[{"href":"http:\/\/www.ecoinea.org\/index.php\/wp-json\/wp\/v2\/types\/post"}],"author":[{"embeddable":true,"href":"http:\/\/www.ecoinea.org\/index.php\/wp-json\/wp\/v2\/users\/1"}],"replies":[{"embeddable":true,"href":"http:\/\/www.ecoinea.org\/index.php\/wp-json\/wp\/v2\/comments?post=930"}],"version-history":[{"count":1,"href":"http:\/\/www.ecoinea.org\/index.php\/wp-json\/wp\/v2\/posts\/930\/revisions"}],"predecessor-version":[{"id":1556,"href":"http:\/\/www.ecoinea.org\/index.php\/wp-json\/wp\/v2\/posts\/930\/revisions\/1556"}],"wp:attachment":[{"href":"http:\/\/www.ecoinea.org\/index.php\/wp-json\/wp\/v2\/media?parent=930"}],"wp:term":[{"taxonomy":"category","embeddable":true,"href":"http:\/\/www.ecoinea.org\/index.php\/wp-json\/wp\/v2\/categories?post=930"},{"taxonomy":"post_tag","embeddable":true,"href":"http:\/\/www.ecoinea.org\/index.php\/wp-json\/wp\/v2\/tags?post=930"}],"curies":[{"name":"wp","href":"https:\/\/api.w.org\/{rel}","templated":true}]}}