{"id":931,"date":"2013-05-08T15:47:12","date_gmt":"2013-05-08T15:47:12","guid":{"rendered":"http:\/\/pai.inea.org\/?p=276"},"modified":"2018-06-14T08:37:45","modified_gmt":"2018-06-14T08:37:45","slug":"isabel-y-luis-alfonso-de-practicas-en-inea","status":"publish","type":"post","link":"http:\/\/www.ecoinea.org\/index.php\/2013\/05\/08\/isabel-y-luis-alfonso-de-practicas-en-inea\/","title":{"rendered":"Isabel y Luis Alfonso de pr\u00e1cticas en INEA"},"content":{"rendered":"<p>Isabel y Luis Alfonso se han incorporado un mes de pr\u00e1cticas a INEA a fin de realizar su per\u00edodo de actividad dentro del curso que hacen de auxiliar de viveros, jardines y centros de jardiner\u00eda. Son del centro IES Condesa Eylo Alfonso en Valladolid. Bienvenidos. van a realizar sobre todo tarea de mantenimiento de jardines. Isabel es de origen boliviano y Luis Alfonso de Valladolid.<\/p>\n<p><a href=\"http:\/\/www.ecoinea.org\/wp-content\/uploads\/2013\/05\/isabel-y-luis-alfonso.jpg\"><img fetchpriority=\"high\" decoding=\"async\" class=\"aligncenter wp-image-1107 size-full\" src=\"http:\/\/www.ecoinea.org\/wp-content\/uploads\/2013\/05\/isabel-y-luis-alfonso.jpg\" alt=\"\" width=\"689\" height=\"600\" srcset=\"http:\/\/www.ecoinea.org\/wp-content\/uploads\/2013\/05\/isabel-y-luis-alfonso.jpg 689w, http:\/\/www.ecoinea.org\/wp-content\/uploads\/2013\/05\/isabel-y-luis-alfonso-300x261.jpg 300w\" sizes=\"(max-width: 689px) 100vw, 689px\" \/><\/a><\/p>\n","protected":false},"excerpt":{"rendered":"<p>Isabel y Luis Alfonso se han incorporado un mes de pr\u00e1cticas a INEA a fin de realizar su per\u00edodo de actividad dentro del curso que hacen de auxiliar de viveros, jardines y centros de jardiner\u00eda. Son del centro IES Condesa Eylo Alfonso en Valladolid. Bienvenidos. van a realizar sobre todo tarea de mantenimiento de jardines. &#8230; <a title=\"Isabel y Luis Alfonso de pr\u00e1cticas en INEA\" class=\"read-more\" href=\"http:\/\/www.ecoinea.org\/index.php\/2013\/05\/08\/isabel-y-luis-alfonso-de-practicas-en-inea\/\">Leer m\u00e1s<span class=\"screen-reader-text\">Isabel y Luis Alfonso de pr\u00e1cticas en INEA<\/span><\/a><\/p>\n","protected":false},"author":1,"featured_media":0,"comment_status":"open","ping_status":"open","sticky":false,"template":"","format":"standard","meta":{"footnotes":""},"categories":[81],"tags":[96],"_links":{"self":[{"href":"http:\/\/www.ecoinea.org\/index.php\/wp-json\/wp\/v2\/posts\/931"}],"collection":[{"href":"http:\/\/www.ecoinea.org\/index.php\/wp-json\/wp\/v2\/posts"}],"about":[{"href":"http:\/\/www.ecoinea.org\/index.php\/wp-json\/wp\/v2\/types\/post"}],"author":[{"embeddable":true,"href":"http:\/\/www.ecoinea.org\/index.php\/wp-json\/wp\/v2\/users\/1"}],"replies":[{"embeddable":true,"href":"http:\/\/www.ecoinea.org\/index.php\/wp-json\/wp\/v2\/comments?post=931"}],"version-history":[{"count":3,"href":"http:\/\/www.ecoinea.org\/index.php\/wp-json\/wp\/v2\/posts\/931\/revisions"}],"predecessor-version":[{"id":1960,"href":"http:\/\/www.ecoinea.org\/index.php\/wp-json\/wp\/v2\/posts\/931\/revisions\/1960"}],"wp:attachment":[{"href":"http:\/\/www.ecoinea.org\/index.php\/wp-json\/wp\/v2\/media?parent=931"}],"wp:term":[{"taxonomy":"category","embeddable":true,"href":"http:\/\/www.ecoinea.org\/index.php\/wp-json\/wp\/v2\/categories?post=931"},{"taxonomy":"post_tag","embeddable":true,"href":"http:\/\/www.ecoinea.org\/index.php\/wp-json\/wp\/v2\/tags?post=931"}],"curies":[{"name":"wp","href":"https:\/\/api.w.org\/{rel}","templated":true}]}}