{"id":933,"date":"2013-05-19T19:46:22","date_gmt":"2013-05-19T19:46:22","guid":{"rendered":"http:\/\/pai.inea.org\/?p=293"},"modified":"2018-06-14T08:36:31","modified_gmt":"2018-06-14T08:36:31","slug":"semana-sobre-espiritualidad-y-ecologia","status":"publish","type":"post","link":"http:\/\/www.ecoinea.org\/index.php\/2013\/05\/19\/semana-sobre-espiritualidad-y-ecologia\/","title":{"rendered":"SEMANA SOBRE ESPIRITUALIDAD Y ECOLOG\u00cdA"},"content":{"rendered":"<div>\n<p>El relato la creaci\u00f3n en el G\u00e9nesis nos narra un trabajo de seis d\u00edas del Dios Creador. Con demasiada frecuencia parece que a los creyentes s\u00f3lo nos ha importado el sexto (la creaci\u00f3n del hombre-mujer); pero s\u00f3lo hay una creaci\u00f3n, que es un todo y toda ella debe ser salvada. El reto ambiental hoy pone en peligro la propia existencia de una vida digna al alcance de todos para los tiempos actuales y futuros. \u00bfNuestra fe tiene algo que decirnos al respecto? El Papa en sus primeras homil\u00edas y alocucciones no deja de hacer referencia constante al problema ecol\u00f3gico&#8230;<\/p>\n<\/div>\n<p style=\"text-align: left;\">Os ofrecemos los contenidos de la Semana de Espiirtualidad y Ecolog\u00eda que se ha celebrado en Valladolid los \u00a0d\u00edas 7, 8 y 9 de Mayo de 2013. hay tres formatos: audio, video y presentaci\u00f3n \u00f3 documento<\/p>\n<div>\n<h1 align=\"center\"><span style=\"color: #008000;\"><strong>EL RETO AMBIENTAL\u00a0<\/strong><strong>Y EL COMPROMISO\u00a0<\/strong><strong>CREYENTE<\/strong><\/span><\/h1>\n<h1 align=\"center\"><\/h1>\n<\/div>\n<h3 style=\"text-align: center;\"><span style=\"color: #008000;\"><strong>LEANDRO SEQUEIROS<\/strong><\/span><\/h3>\n<h4 style=\"text-align: center;\"><strong>Custodiar la Creaci\u00f3n. Guardianes de lo humano y del ambiente<\/strong><\/h4>\n<p style=\"text-align: center;\"><a title=\"Audio de la conferencia del Dr. Sequeiros\" href=\"http:\/\/www.ivoox.com\/leandro-sequeiros-sj-custodiar-creacion-guardianes-de-audios-mp3_rf_2049752_1.html\" target=\"_blank\" rel=\"noopener\"><img decoding=\"async\" class=\"wp-image-294\" src=\"http:\/\/pai.inea.org\/wp-content\/uploads\/2013\/05\/audio.jpg\" alt=\"audio\" width=\"75\" height=\"75\" \/><\/a>\u00a0\u00a0\u00a0\u00a0\u00a0\u00a0\u00a0\u00a0<a title=\"Video de la conferencia del Dr. Sequeiros\" href=\"https:\/\/vimeo.com\/66428186\" target=\"_blank\" rel=\"noopener\"><img decoding=\"async\" class=\"wp-image-295\" src=\"http:\/\/pai.inea.org\/wp-content\/uploads\/2013\/05\/video.jpg\" alt=\"video\" width=\"75\" height=\"75\" \/><\/a>\u00a0\u00a0\u00a0 \u00a0\u00a0<a href=\"http:\/\/www.ecoinea.org\/wp-content\/uploads\/2013\/05\/power-point.jpg\" target=\"_blank\" rel=\"noopener\"><img decoding=\"async\" class=\"alignnone wp-image-1111 \" src=\"http:\/\/www.ecoinea.org\/wp-content\/uploads\/2013\/05\/power-point-150x150.jpg\" alt=\"\" width=\"81\" height=\"81\" \/><\/a><\/p>\n<p>&nbsp;<\/p>\n<h3 style=\"text-align: center;\"><span style=\"color: #008000;\"><strong>JOS\u00c9 EIZAGUIRRE<\/strong><\/span><\/h3>\n<h4 style=\"text-align: center;\">\u00a0\u201cEstilos de vida en conversi\u00f3n. Contribuyendo a otro mundo mejor \u00a0posible con nuestra manera de vivir.\u201d<\/h4>\n<p style=\"text-align: center;\"><a title=\"Audio Conferencia Jos\u00e9 Eizaguirre\" href=\"http:\/\/www.ivoox.com\/jose-eizaguirre-estilos-vida-conversion-contribuyendo-audios-mp3_rf_2028481_1.html\" target=\"_blank\" rel=\"noopener\"><img loading=\"lazy\" decoding=\"async\" src=\"http:\/\/pai.inea.org\/wp-content\/uploads\/2013\/05\/audio.jpg\" alt=\"audio\" width=\"75\" height=\"75\" \/><\/a>\u00a0\u00a0 \u00a0 \u00a0<a title=\"Video de la Conferencia de Jos\u00e9 Eizaguirre\" href=\"https:\/\/vimeo.com\/66506420\" target=\"_blank\" rel=\"noopener\"><img loading=\"lazy\" decoding=\"async\" src=\"http:\/\/pai.inea.org\/wp-content\/uploads\/2013\/05\/video.jpg\" alt=\"video\" width=\"75\" height=\"75\" \/><\/a>\u00a0 \u00a0 \u00a0\u00a0<a href=\"http:\/\/www.ecoinea.org\/wp-content\/uploads\/2013\/05\/power-point.jpg\" target=\"_blank\" rel=\"noopener\"><img decoding=\"async\" class=\"alignnone wp-image-1111 \" src=\"http:\/\/www.ecoinea.org\/wp-content\/uploads\/2013\/05\/power-point-150x150.jpg\" alt=\"\" width=\"81\" height=\"81\" \/><\/a><\/p>\n<p>&nbsp;<\/p>\n<h3 style=\"text-align: center;\"><span style=\"color: #008000;\"><strong>JOS\u00c9 IGNACIO GARC\u00cdA JIM\u00c9NEZ<\/strong><\/span><\/h3>\n<h4 style=\"text-align: center;\">\u00a0\u201cSanando un mundo herido, hacia un compromiso ecol\u00f3gico de los creyentes\u201d<\/h4>\n<p style=\"text-align: center;\"><a title=\"Audio Conferencia Jos\u00e9 Igancio Garc\u00eda\" href=\"http:\/\/www.ivoox.com\/jose-ignacio-garcia-sanando-mundo-herido-hacia-audios-mp3_rf_2049807_1.html\" target=\"_blank\" rel=\"noopener\"><img loading=\"lazy\" decoding=\"async\" src=\"http:\/\/pai.inea.org\/wp-content\/uploads\/2013\/05\/audio.jpg\" alt=\"audio\" width=\"75\" height=\"75\" \/><\/a>\u00a0 \u00a0 \u00a0 \u00a0\u00a0\u00a0<a title=\"Video de la Conferencia de Jos\u00e9 I. Garc\u00eda\" href=\"http:\/\/vimeo.com\/66523317\" target=\"_blank\" rel=\"noopener\"><img loading=\"lazy\" decoding=\"async\" src=\"http:\/\/pai.inea.org\/wp-content\/uploads\/2013\/05\/video.jpg\" alt=\"video\" width=\"75\" height=\"75\" \/><\/a>\u00a0 \u00a0 \u00a0<a href=\"http:\/\/www.ecoinea.org\/wp-content\/uploads\/2013\/05\/documento.jpg\"><img loading=\"lazy\" decoding=\"async\" class=\"alignnone wp-image-1112 \" src=\"http:\/\/www.ecoinea.org\/wp-content\/uploads\/2013\/05\/documento-150x150.jpg\" alt=\"\" width=\"88\" height=\"88\" srcset=\"http:\/\/www.ecoinea.org\/wp-content\/uploads\/2013\/05\/documento-150x150.jpg 150w, http:\/\/www.ecoinea.org\/wp-content\/uploads\/2013\/05\/documento-300x300.jpg 300w, http:\/\/www.ecoinea.org\/wp-content\/uploads\/2013\/05\/documento-768x768.jpg 768w, http:\/\/www.ecoinea.org\/wp-content\/uploads\/2013\/05\/documento-1024x1024.jpg 1024w, http:\/\/www.ecoinea.org\/wp-content\/uploads\/2013\/05\/documento.jpg 1200w\" sizes=\"(max-width: 88px) 100vw, 88px\" \/><\/a><\/p>\n<p>&nbsp;<\/p>\n<p>&nbsp;<\/p>\n<p>Hay una entrevista hecha por arzobispado de Valladolid. Para verla pincha\u00a0<a title=\"Video semana espiritualidad y ecolog\u00eda\" href=\"http:\/\/youtu.be\/Fn1aZbYC1HU\" target=\"_blank\" rel=\"noopener\">aqu\u00ed<\/a><\/p>\n<p style=\"text-align: left;\"><a title=\"Audio de la conferencia del Dr. Sequeiros\" href=\"http:\/\/www.ivoox.com\/leandro-sequeiros-sj-custodiar-creacion-guardianes-de-audios-mp3_rf_2049752_1.html\" target=\"_blank\" rel=\"noopener\">\u00a0<\/a><\/p>\n","protected":false},"excerpt":{"rendered":"<p>El relato la creaci\u00f3n en el G\u00e9nesis nos narra un trabajo de seis d\u00edas del Dios Creador. Con demasiada frecuencia parece que a los creyentes s\u00f3lo nos ha importado el sexto (la creaci\u00f3n del hombre-mujer); pero s\u00f3lo hay una creaci\u00f3n, que es un todo y toda ella debe ser salvada. El reto ambiental hoy pone &#8230; <a title=\"SEMANA SOBRE ESPIRITUALIDAD Y ECOLOG\u00cdA\" class=\"read-more\" href=\"http:\/\/www.ecoinea.org\/index.php\/2013\/05\/19\/semana-sobre-espiritualidad-y-ecologia\/\">Leer m\u00e1s<span class=\"screen-reader-text\">SEMANA SOBRE ESPIRITUALIDAD Y ECOLOG\u00cdA<\/span><\/a><\/p>\n","protected":false},"author":1,"featured_media":0,"comment_status":"open","ping_status":"open","sticky":false,"template":"","format":"standard","meta":{"footnotes":""},"categories":[84,81],"tags":[125],"_links":{"self":[{"href":"http:\/\/www.ecoinea.org\/index.php\/wp-json\/wp\/v2\/posts\/933"}],"collection":[{"href":"http:\/\/www.ecoinea.org\/index.php\/wp-json\/wp\/v2\/posts"}],"about":[{"href":"http:\/\/www.ecoinea.org\/index.php\/wp-json\/wp\/v2\/types\/post"}],"author":[{"embeddable":true,"href":"http:\/\/www.ecoinea.org\/index.php\/wp-json\/wp\/v2\/users\/1"}],"replies":[{"embeddable":true,"href":"http:\/\/www.ecoinea.org\/index.php\/wp-json\/wp\/v2\/comments?post=933"}],"version-history":[{"count":6,"href":"http:\/\/www.ecoinea.org\/index.php\/wp-json\/wp\/v2\/posts\/933\/revisions"}],"predecessor-version":[{"id":1830,"href":"http:\/\/www.ecoinea.org\/index.php\/wp-json\/wp\/v2\/posts\/933\/revisions\/1830"}],"wp:attachment":[{"href":"http:\/\/www.ecoinea.org\/index.php\/wp-json\/wp\/v2\/media?parent=933"}],"wp:term":[{"taxonomy":"category","embeddable":true,"href":"http:\/\/www.ecoinea.org\/index.php\/wp-json\/wp\/v2\/categories?post=933"},{"taxonomy":"post_tag","embeddable":true,"href":"http:\/\/www.ecoinea.org\/index.php\/wp-json\/wp\/v2\/tags?post=933"}],"curies":[{"name":"wp","href":"https:\/\/api.w.org\/{rel}","templated":true}]}}