{"id":934,"date":"2013-06-13T11:39:11","date_gmt":"2013-06-13T11:39:11","guid":{"rendered":"http:\/\/pai.inea.org\/?p=331"},"modified":"2018-06-14T08:35:16","modified_gmt":"2018-06-14T08:35:16","slug":"kamal-y-gabriela-de-practicas-en-inea","status":"publish","type":"post","link":"http:\/\/www.ecoinea.org\/index.php\/2013\/06\/13\/kamal-y-gabriela-de-practicas-en-inea\/","title":{"rendered":"Kamal y Gabriela de pr\u00e1cticas en INEA"},"content":{"rendered":"<p>Kamal (Marruecos) Gabriela (Bulgaria) realizan pr\u00e1cticas profesionales dentro de un programa de Red \u00cdncola de preparaci\u00f3n para el empleo; \u00e9l t\u00e9cnico de Laboratorio, ella t\u00e9cnica de bibliotecas pasan unos d\u00edas en el Laboratorio de INEA y en la Biblioteca, prepar\u00e1ndose para poder encontrar empleo con m\u00e1s facilidad. Fundaci\u00f3n INEA ha firmado un Convenio con Red \u00cdncola para poder hacer esta prestaci\u00f3n. Bienvenidos y esperamos que pod\u00edas aprender mucho en poco tiempo. \u00a0En la foto de la derecha Gabriela acompa\u00f1ada de mar\u00eda, encargada de empleo de Red \u00cdncola<\/p>\n<p><em id=\"__mceDel\"><a href=\"http:\/\/www.ecoinea.org\/wp-content\/uploads\/2013\/06\/kamal.jpg\"><img fetchpriority=\"high\" decoding=\"async\" class=\"aligncenter wp-image-1114 size-full\" src=\"http:\/\/www.ecoinea.org\/wp-content\/uploads\/2013\/06\/kamal.jpg\" alt=\"\" width=\"480\" height=\"640\" srcset=\"http:\/\/www.ecoinea.org\/wp-content\/uploads\/2013\/06\/kamal.jpg 480w, http:\/\/www.ecoinea.org\/wp-content\/uploads\/2013\/06\/kamal-225x300.jpg 225w\" sizes=\"(max-width: 480px) 100vw, 480px\" \/><\/a><a href=\"http:\/\/pai.inea.org\/wp-content\/uploads\/2013\/06\/kamal.jpg\"><br \/>\n<\/a> <a href=\"http:\/\/pai.inea.org\/wp-content\/uploads\/2013\/06\/gabriela-y-mar\u00eda.jpg\"><br \/>\n<\/a><\/em><\/p>\n","protected":false},"excerpt":{"rendered":"<p>Kamal (Marruecos) Gabriela (Bulgaria) realizan pr\u00e1cticas profesionales dentro de un programa de Red \u00cdncola de preparaci\u00f3n para el empleo; \u00e9l t\u00e9cnico de Laboratorio, ella t\u00e9cnica de bibliotecas pasan unos d\u00edas en el Laboratorio de INEA y en la Biblioteca, prepar\u00e1ndose para poder encontrar empleo con m\u00e1s facilidad. Fundaci\u00f3n INEA ha firmado un Convenio con Red &#8230; <a title=\"Kamal y Gabriela de pr\u00e1cticas en INEA\" class=\"read-more\" href=\"http:\/\/www.ecoinea.org\/index.php\/2013\/06\/13\/kamal-y-gabriela-de-practicas-en-inea\/\">Leer m\u00e1s<span class=\"screen-reader-text\">Kamal y Gabriela de pr\u00e1cticas en INEA<\/span><\/a><\/p>\n","protected":false},"author":1,"featured_media":0,"comment_status":"open","ping_status":"open","sticky":false,"template":"","format":"standard","meta":{"footnotes":""},"categories":[84,81],"tags":[96,136],"_links":{"self":[{"href":"http:\/\/www.ecoinea.org\/index.php\/wp-json\/wp\/v2\/posts\/934"}],"collection":[{"href":"http:\/\/www.ecoinea.org\/index.php\/wp-json\/wp\/v2\/posts"}],"about":[{"href":"http:\/\/www.ecoinea.org\/index.php\/wp-json\/wp\/v2\/types\/post"}],"author":[{"embeddable":true,"href":"http:\/\/www.ecoinea.org\/index.php\/wp-json\/wp\/v2\/users\/1"}],"replies":[{"embeddable":true,"href":"http:\/\/www.ecoinea.org\/index.php\/wp-json\/wp\/v2\/comments?post=934"}],"version-history":[{"count":2,"href":"http:\/\/www.ecoinea.org\/index.php\/wp-json\/wp\/v2\/posts\/934\/revisions"}],"predecessor-version":[{"id":1816,"href":"http:\/\/www.ecoinea.org\/index.php\/wp-json\/wp\/v2\/posts\/934\/revisions\/1816"}],"wp:attachment":[{"href":"http:\/\/www.ecoinea.org\/index.php\/wp-json\/wp\/v2\/media?parent=934"}],"wp:term":[{"taxonomy":"category","embeddable":true,"href":"http:\/\/www.ecoinea.org\/index.php\/wp-json\/wp\/v2\/categories?post=934"},{"taxonomy":"post_tag","embeddable":true,"href":"http:\/\/www.ecoinea.org\/index.php\/wp-json\/wp\/v2\/tags?post=934"}],"curies":[{"name":"wp","href":"https:\/\/api.w.org\/{rel}","templated":true}]}}