{"id":935,"date":"2013-06-18T16:08:32","date_gmt":"2013-06-18T16:08:32","guid":{"rendered":"http:\/\/pai.inea.org\/?p=337"},"modified":"2018-06-14T08:34:23","modified_gmt":"2018-06-14T08:34:23","slug":"una-finca-para-la-integracion","status":"publish","type":"post","link":"http:\/\/www.ecoinea.org\/index.php\/2013\/06\/18\/una-finca-para-la-integracion\/","title":{"rendered":"Una finca para la integraci\u00f3n"},"content":{"rendered":"<p>La integraci\u00f3n de personas con dificultades es un compromiso de INEA que se refleja de diversas maneras.<\/p>\n<p>Recientemente se ha incorporado un grupo de inmigrantes en las tareas de la finca para aprender y posteriormente, poner en pr\u00e1ctica el cuidado de los cultivos. Gracias a la colaboraci\u00f3n con Red Incola, el grupo tiene la oportunidad de aprender y trabajar. El pasado viernes, INEA ha recibido a siete chicos y chicas con discapacidad mental atendidos por la Fundaci\u00f3n AFIM. Esta organizaci\u00f3n y la Fundaci\u00f3n INEA han acordado que durante cinco viernes de este verano, los j\u00f3venes se incorporen a la actividad de la finca ecol\u00f3gica INEA. Asumen las labores propias del campo para conocer de cerca este trabajo. Con rastrillo y azada en la mano, Roberto, Cristina, Ana, David, Ver\u00f3nica, Vanesa y Adolfo hacen las labores del campo mientras charlan con sus compa\u00f1eros y con otros muchos que pasan cada d\u00eda por este lugar.<\/p>\n<p>La Fundaci\u00f3n AFIM se dedica a prestar\u00a0\u00a0ayuda, formaci\u00f3n y a favorecer la integraci\u00f3n a personas con discapacidad mental mediante diversos recursos. Uno de ellos ha sido el de colaborar con la Fundaci\u00f3n INEA para que sus beneficiarios descubran los valores del campo y sus posibilidades. Los pr\u00f3ximos viernes disfrutar\u00e1n del aire libre y de lo que les puedan aportar otros muchos que d\u00eda a d\u00eda tambi\u00e9n participan de la actividad de INEA.<\/p>\n","protected":false},"excerpt":{"rendered":"<p>La integraci\u00f3n de personas con dificultades es un compromiso de INEA que se refleja de diversas maneras. Recientemente se ha incorporado un grupo de inmigrantes en las tareas de la finca para aprender y posteriormente, poner en pr\u00e1ctica el cuidado de los cultivos. Gracias a la colaboraci\u00f3n con Red Incola, el grupo tiene la oportunidad &#8230; <a title=\"Una finca para la integraci\u00f3n\" class=\"read-more\" href=\"http:\/\/www.ecoinea.org\/index.php\/2013\/06\/18\/una-finca-para-la-integracion\/\">Leer m\u00e1s<span class=\"screen-reader-text\">Una finca para la integraci\u00f3n<\/span><\/a><\/p>\n","protected":false},"author":1,"featured_media":0,"comment_status":"open","ping_status":"open","sticky":false,"template":"","format":"standard","meta":{"footnotes":""},"categories":[86,81],"tags":[90,102,96,136],"_links":{"self":[{"href":"http:\/\/www.ecoinea.org\/index.php\/wp-json\/wp\/v2\/posts\/935"}],"collection":[{"href":"http:\/\/www.ecoinea.org\/index.php\/wp-json\/wp\/v2\/posts"}],"about":[{"href":"http:\/\/www.ecoinea.org\/index.php\/wp-json\/wp\/v2\/types\/post"}],"author":[{"embeddable":true,"href":"http:\/\/www.ecoinea.org\/index.php\/wp-json\/wp\/v2\/users\/1"}],"replies":[{"embeddable":true,"href":"http:\/\/www.ecoinea.org\/index.php\/wp-json\/wp\/v2\/comments?post=935"}],"version-history":[{"count":3,"href":"http:\/\/www.ecoinea.org\/index.php\/wp-json\/wp\/v2\/posts\/935\/revisions"}],"predecessor-version":[{"id":1958,"href":"http:\/\/www.ecoinea.org\/index.php\/wp-json\/wp\/v2\/posts\/935\/revisions\/1958"}],"wp:attachment":[{"href":"http:\/\/www.ecoinea.org\/index.php\/wp-json\/wp\/v2\/media?parent=935"}],"wp:term":[{"taxonomy":"category","embeddable":true,"href":"http:\/\/www.ecoinea.org\/index.php\/wp-json\/wp\/v2\/categories?post=935"},{"taxonomy":"post_tag","embeddable":true,"href":"http:\/\/www.ecoinea.org\/index.php\/wp-json\/wp\/v2\/tags?post=935"}],"curies":[{"name":"wp","href":"https:\/\/api.w.org\/{rel}","templated":true}]}}