{"id":938,"date":"2013-07-06T16:52:45","date_gmt":"2013-07-06T16:52:45","guid":{"rendered":"http:\/\/pai.inea.org\/?p=346"},"modified":"2018-06-14T08:31:25","modified_gmt":"2018-06-14T08:31:25","slug":"convocado-el-encuentro-bioyantar-con-productores-eco","status":"publish","type":"post","link":"http:\/\/www.ecoinea.org\/index.php\/2013\/07\/06\/convocado-el-encuentro-bioyantar-con-productores-eco\/","title":{"rendered":"Convocado el Encuentro Bioyantar con productores eco"},"content":{"rendered":"<p>El d\u00eda 11 de Julio de 11 de la ma\u00f1ana a 5 de la tarde tendr\u00e1 lugar en INEA un Encuentro con productores y Elaboradores de Agr. Ecol\u00f3gica para reflexionar sobre la situaci\u00f3n del sector y su futuro. Este encuentro preparado en colaboraci\u00f3n con Era est\u00e1 siendo trabajado por Ana Leal, Juan Luis Fradejas y Lissis Guy\u00e9n. Esperamos que tenga aceptaci\u00f3n y seamos capaces de avanzar en nuestros procesos de desarrollo. M\u00e1s infrormaci\u00f3n y acceso al\u00a0Programa pinchando\u00a0<a title=\"Programa de Encuentro Bioyantar\" href=\"http:\/\/www.inea.org\/index.php?option=com_flexicontent&amp;view=items&amp;cid=1&amp;id=656&amp;Itemid=952\" target=\"_blank\" rel=\"noopener\">aqu\u00ed<\/a><\/p>\n<p>&nbsp;<\/p>\n","protected":false},"excerpt":{"rendered":"<p>El d\u00eda 11 de Julio de 11 de la ma\u00f1ana a 5 de la tarde tendr\u00e1 lugar en INEA un Encuentro con productores y Elaboradores de Agr. Ecol\u00f3gica para reflexionar sobre la situaci\u00f3n del sector y su futuro. Este encuentro preparado en colaboraci\u00f3n con Era est\u00e1 siendo trabajado por Ana Leal, Juan Luis Fradejas y &#8230; <a title=\"Convocado el Encuentro Bioyantar con productores eco\" class=\"read-more\" href=\"http:\/\/www.ecoinea.org\/index.php\/2013\/07\/06\/convocado-el-encuentro-bioyantar-con-productores-eco\/\">Leer m\u00e1s<span class=\"screen-reader-text\">Convocado el Encuentro Bioyantar con productores eco<\/span><\/a><\/p>\n","protected":false},"author":1,"featured_media":0,"comment_status":"open","ping_status":"open","sticky":false,"template":"","format":"standard","meta":{"footnotes":""},"categories":[81],"tags":[99,134,96],"_links":{"self":[{"href":"http:\/\/www.ecoinea.org\/index.php\/wp-json\/wp\/v2\/posts\/938"}],"collection":[{"href":"http:\/\/www.ecoinea.org\/index.php\/wp-json\/wp\/v2\/posts"}],"about":[{"href":"http:\/\/www.ecoinea.org\/index.php\/wp-json\/wp\/v2\/types\/post"}],"author":[{"embeddable":true,"href":"http:\/\/www.ecoinea.org\/index.php\/wp-json\/wp\/v2\/users\/1"}],"replies":[{"embeddable":true,"href":"http:\/\/www.ecoinea.org\/index.php\/wp-json\/wp\/v2\/comments?post=938"}],"version-history":[{"count":1,"href":"http:\/\/www.ecoinea.org\/index.php\/wp-json\/wp\/v2\/posts\/938\/revisions"}],"predecessor-version":[{"id":1373,"href":"http:\/\/www.ecoinea.org\/index.php\/wp-json\/wp\/v2\/posts\/938\/revisions\/1373"}],"wp:attachment":[{"href":"http:\/\/www.ecoinea.org\/index.php\/wp-json\/wp\/v2\/media?parent=938"}],"wp:term":[{"taxonomy":"category","embeddable":true,"href":"http:\/\/www.ecoinea.org\/index.php\/wp-json\/wp\/v2\/categories?post=938"},{"taxonomy":"post_tag","embeddable":true,"href":"http:\/\/www.ecoinea.org\/index.php\/wp-json\/wp\/v2\/tags?post=938"}],"curies":[{"name":"wp","href":"https:\/\/api.w.org\/{rel}","templated":true}]}}