{"id":939,"date":"2013-07-06T16:56:10","date_gmt":"2013-07-06T16:56:10","guid":{"rendered":"http:\/\/pai.inea.org\/?p=349"},"modified":"2018-06-14T08:30:20","modified_gmt":"2018-06-14T08:30:20","slug":"practicas-de-jardineria-de-la-asociacion-afim-en-inea","status":"publish","type":"post","link":"http:\/\/www.ecoinea.org\/index.php\/2013\/07\/06\/practicas-de-jardineria-de-la-asociacion-afim-en-inea\/","title":{"rendered":"Pr\u00e1cticas de jardiner\u00eda de la Asociaci\u00f3n AFIM en INEA"},"content":{"rendered":"<p>En virtud de un acuerdo con la Fundaci\u00f3n INEA, el grupo AFIM ha impartido unas pr\u00e1cticas de jardiner\u00eda para personas con discapacidad en INEA. Ellos han arreglado un parterre del jard\u00edn con gran cuidado y le han devuelto su aspecto primero de manera que ha quedado precioso. El \u00faltimo d\u00eda se hicieron una foto en este parterre que tiene su pozo y todo.<\/p>\n<p>&nbsp;<\/p>\n","protected":false},"excerpt":{"rendered":"<p>En virtud de un acuerdo con la Fundaci\u00f3n INEA, el grupo AFIM ha impartido unas pr\u00e1cticas de jardiner\u00eda para personas con discapacidad en INEA. Ellos han arreglado un parterre del jard\u00edn con gran cuidado y le han devuelto su aspecto primero de manera que ha quedado precioso. El \u00faltimo d\u00eda se hicieron una foto en &#8230; <a title=\"Pr\u00e1cticas de jardiner\u00eda de la Asociaci\u00f3n AFIM en INEA\" class=\"read-more\" href=\"http:\/\/www.ecoinea.org\/index.php\/2013\/07\/06\/practicas-de-jardineria-de-la-asociacion-afim-en-inea\/\">Leer m\u00e1s<span class=\"screen-reader-text\">Pr\u00e1cticas de jardiner\u00eda de la Asociaci\u00f3n AFIM en INEA<\/span><\/a><\/p>\n","protected":false},"author":1,"featured_media":0,"comment_status":"open","ping_status":"open","sticky":false,"template":"","format":"standard","meta":{"footnotes":""},"categories":[86,81],"tags":[102,96],"_links":{"self":[{"href":"http:\/\/www.ecoinea.org\/index.php\/wp-json\/wp\/v2\/posts\/939"}],"collection":[{"href":"http:\/\/www.ecoinea.org\/index.php\/wp-json\/wp\/v2\/posts"}],"about":[{"href":"http:\/\/www.ecoinea.org\/index.php\/wp-json\/wp\/v2\/types\/post"}],"author":[{"embeddable":true,"href":"http:\/\/www.ecoinea.org\/index.php\/wp-json\/wp\/v2\/users\/1"}],"replies":[{"embeddable":true,"href":"http:\/\/www.ecoinea.org\/index.php\/wp-json\/wp\/v2\/comments?post=939"}],"version-history":[{"count":3,"href":"http:\/\/www.ecoinea.org\/index.php\/wp-json\/wp\/v2\/posts\/939\/revisions"}],"predecessor-version":[{"id":1950,"href":"http:\/\/www.ecoinea.org\/index.php\/wp-json\/wp\/v2\/posts\/939\/revisions\/1950"}],"wp:attachment":[{"href":"http:\/\/www.ecoinea.org\/index.php\/wp-json\/wp\/v2\/media?parent=939"}],"wp:term":[{"taxonomy":"category","embeddable":true,"href":"http:\/\/www.ecoinea.org\/index.php\/wp-json\/wp\/v2\/categories?post=939"},{"taxonomy":"post_tag","embeddable":true,"href":"http:\/\/www.ecoinea.org\/index.php\/wp-json\/wp\/v2\/tags?post=939"}],"curies":[{"name":"wp","href":"https:\/\/api.w.org\/{rel}","templated":true}]}}