{"id":940,"date":"2013-07-14T22:13:41","date_gmt":"2013-07-14T22:13:41","guid":{"rendered":"http:\/\/pai.inea.org\/?p=357"},"modified":"2018-06-14T08:29:37","modified_gmt":"2018-06-14T08:29:37","slug":"celebrada-la-jornada-profesional-de-agricultura-ecologica-bioyantar","status":"publish","type":"post","link":"http:\/\/www.ecoinea.org\/index.php\/2013\/07\/14\/celebrada-la-jornada-profesional-de-agricultura-ecologica-bioyantar\/","title":{"rendered":"Celebrada la Jornada profesional de agricultura ecol\u00f3gica Bioyantar"},"content":{"rendered":"<div><strong>\u00a1Gracias a todos por vuestra participaci\u00f3n!<\/strong><\/div>\n<div><\/div>\n<div>\n<div>Ayer tuvo lugar el encuentro donde se abordaron las necesidades y problem\u00e1ticas en cuanto a los temas de investigaci\u00f3n, formaci\u00f3n, rentabilidad, producci\u00f3n, distribuci\u00f3n y mercado dentro del sector de la producci\u00f3n y elaboraci\u00f3n ecol\u00f3gica. Entre todos propusimos soluciones y de este modo con encuentros como este podamos luchar juntos para mostrar a la sociedad que detr\u00e1s de un producto ecol\u00f3gico, hay gente luchando por un proyecto, por el medio ambiente, velando por la calidad del producto y la salud de los consumidores. Tambi\u00e9n contamos con la presencia del programa SURCOS y el diario EL MUNDO. A todos os esperamos en el pr\u00f3ximo evento.<\/div>\n<div>En <a href=\"https:\/\/www.facebook.com\/media\/set\/?set=a.558432724198790.1073741843.160952093946857&amp;type=1\" target=\"_blank\" rel=\"noopener\">facebook de INEA<\/a> pod\u00e9is ver algunas fotos.<\/div>\n<div>Los medios de comunicaci\u00f3n estuviron presentes a trav\u00e9s de El Mundo y del programa de Tv Castilla y Le\u00f3n Surco que ha emitido unas entrevistas en el domingo 14 de Julios de 2013<\/div>\n<div><\/div>\n<div><img fetchpriority=\"high\" decoding=\"async\" class=\"alignnone\" src=\"https:\/\/fbcdn-sphotos-d-a.akamaihd.net\/hphotos-ak-ash4\/q79\/s320x320\/999368_558433184198744_158005017_n.jpg\" alt=\"Foto: Cristina Carro con algunos de los vocales participantes en el encuentro pertenecientes a las empresas, Bodegas Volvoreta, Frutos del huerto, Ecomanjar, Quesos la Armu\u00f1a, Explotaci\u00f3n ecol\u00f3gica Fr\u00e1dejas\" width=\"1379\" height=\"48\" \/><\/div>\n<\/div>\n","protected":false},"excerpt":{"rendered":"<p>\u00a1Gracias a todos por vuestra participaci\u00f3n! Ayer tuvo lugar el encuentro donde se abordaron las necesidades y problem\u00e1ticas en cuanto a los temas de investigaci\u00f3n, formaci\u00f3n, rentabilidad, producci\u00f3n, distribuci\u00f3n y mercado dentro del sector de la producci\u00f3n y elaboraci\u00f3n ecol\u00f3gica. Entre todos propusimos soluciones y de este modo con encuentros como este podamos luchar juntos &#8230; <a title=\"Celebrada la Jornada profesional de agricultura ecol\u00f3gica Bioyantar\" class=\"read-more\" href=\"http:\/\/www.ecoinea.org\/index.php\/2013\/07\/14\/celebrada-la-jornada-profesional-de-agricultura-ecologica-bioyantar\/\">Leer m\u00e1s<span class=\"screen-reader-text\">Celebrada la Jornada profesional de agricultura ecol\u00f3gica Bioyantar<\/span><\/a><\/p>\n","protected":false},"author":1,"featured_media":0,"comment_status":"open","ping_status":"open","sticky":false,"template":"","format":"standard","meta":{"footnotes":""},"categories":[81],"tags":[99,134],"_links":{"self":[{"href":"http:\/\/www.ecoinea.org\/index.php\/wp-json\/wp\/v2\/posts\/940"}],"collection":[{"href":"http:\/\/www.ecoinea.org\/index.php\/wp-json\/wp\/v2\/posts"}],"about":[{"href":"http:\/\/www.ecoinea.org\/index.php\/wp-json\/wp\/v2\/types\/post"}],"author":[{"embeddable":true,"href":"http:\/\/www.ecoinea.org\/index.php\/wp-json\/wp\/v2\/users\/1"}],"replies":[{"embeddable":true,"href":"http:\/\/www.ecoinea.org\/index.php\/wp-json\/wp\/v2\/comments?post=940"}],"version-history":[{"count":3,"href":"http:\/\/www.ecoinea.org\/index.php\/wp-json\/wp\/v2\/posts\/940\/revisions"}],"predecessor-version":[{"id":1552,"href":"http:\/\/www.ecoinea.org\/index.php\/wp-json\/wp\/v2\/posts\/940\/revisions\/1552"}],"wp:attachment":[{"href":"http:\/\/www.ecoinea.org\/index.php\/wp-json\/wp\/v2\/media?parent=940"}],"wp:term":[{"taxonomy":"category","embeddable":true,"href":"http:\/\/www.ecoinea.org\/index.php\/wp-json\/wp\/v2\/categories?post=940"},{"taxonomy":"post_tag","embeddable":true,"href":"http:\/\/www.ecoinea.org\/index.php\/wp-json\/wp\/v2\/tags?post=940"}],"curies":[{"name":"wp","href":"https:\/\/api.w.org\/{rel}","templated":true}]}}