{"id":942,"date":"2013-07-23T21:36:10","date_gmt":"2013-07-23T21:36:10","guid":{"rendered":"http:\/\/pai.inea.org\/?p=365"},"modified":"2018-06-14T08:20:21","modified_gmt":"2018-06-14T08:20:21","slug":"los-religiosos-buscan-las-claves-ecologicas-de-su-vida-consagrada","status":"publish","type":"post","link":"http:\/\/www.ecoinea.org\/index.php\/2013\/07\/23\/los-religiosos-buscan-las-claves-ecologicas-de-su-vida-consagrada\/","title":{"rendered":"Los religiosos buscan las claves ecol\u00f3gicas de su vida consagrada"},"content":{"rendered":"<p><b>20 religiosos participan en la semana \u2018Vida consagrada en clave ecol\u00f3gica y solidaria\u2019 que se celebra en INEA, Valladolid<\/b><\/p>\n<p><b>\u00a0<img fetchpriority=\"high\" decoding=\"async\" class=\"alignnone\" src=\"https:\/\/mail-attachment.googleusercontent.com\/attachment\/u\/0\/?ui=2&amp;ik=23b634b03c&amp;view=att&amp;th=1400bff27de53ad4&amp;attid=0.1&amp;disp=inline&amp;realattid=f_hjh190bb1&amp;safe=1&amp;zw&amp;saduie=AG9B_P-TRg4Hrz0qCxGP2kwFyBl9&amp;sadet=1374615277692&amp;sads=LEGnscGNoud8c3oTx1EJogeqYig\" alt=\"\" width=\"582\" height=\"322\" \/><\/b><\/p>\n<p>20 religiosos de diversas congregaciones participan en la primera semana te\u00f3rico-pr\u00e1ctica \u2018Vida consagrada en clave ecol\u00f3gica y solidaria\u2019. Unas jornadas impulsadas por la Fundaci\u00f3n Inea, en colaboraci\u00f3n con Jos\u00e9 Eizaguirre, como\u00a0 parte de su Proyecto Agroecol\u00f3gico Integral, en el entorno de la Escuela de Ingenier\u00eda Agr\u00edcola, en pleno entorno de campo, junto a los huertos ecol\u00f3gicos de los mayores y la finca ecol\u00f3gica de la misma Escuela. El objetivo de esta semana te\u00f3rico-pr\u00e1ctica es propiciar una \u00a0reflexi\u00f3n honda en clave creyente sobre los estilos de vida y sus repercusiones para la Creaci\u00f3n. Desde el pasado domingo hasta el pr\u00f3ximo 28 de julio, los participantes comparten experiencias y su inquietud por la naturaleza. Cada d\u00eda las sesiones, coordinadas por Jos\u00e9 Eizaguirre y el franciscano Vicente Felipe, tratan de descubrir de manera distinta \u201cnuevas pautas de comportamiento que ayuden a vivir de manera sostenible, solidaria y saludable\u201d su compromiso. Lo importante es indagar y cuestionarse sobre nuevas respuestas al don de la Creaci\u00f3n \u201cque interpela nuestra responsabilidad personal y comunitaria\u201d, dicen sus organizadores.<\/p>\n<p>&nbsp;<\/p>\n<p>La teor\u00eda y la pr\u00e1ctica ecol\u00f3gica son parte de esta semana. El d\u00eda a d\u00eda se organiza en sesiones de formaci\u00f3n y talleres y cada jornada refleja el compromiso ecol\u00f3gico y solidario haciendo realidad el respeto a la naturaleza: uso de jabones naturales caseros sin qu\u00edmica tanto para la limpieza como para el aseo personal, consumo de una dieta vegetariana basada en productos frescos ecol\u00f3gicos de la finca Inea. Gestos que tambi\u00e9n se comparten desde la fe en tiempos de oraci\u00f3n y eucarist\u00edas. Todo ello convierte a sus participantes en miembros de una \u201ccomunidad temporal de vida consagrada\u201d.<\/p>\n<p>&nbsp;<\/p>\n<p>Con esta actividad, la Fundaci\u00f3n Inea plasma su compromiso con los principios que impulsen un mundo distinto donde se establezcan nuevas relaciones con la Creaci\u00f3n. La actividad del Proyecto Agroecol\u00f3gico Integral comenz\u00f3 con las jornadas de Ecolog\u00eda y Espiritualidad celebradas junto con el Instituto Fe y Desarrollo en la Sala Borja el pasado mes de mayo.<\/p>\n<p>&nbsp;<\/p>\n<p>Las congregaciones a las que pertenecen los religiosos participantes son: Franciscanos, Amor de Dios, Auxiliadoras, Mercedarias, Teresianas, Compasi\u00f3n, Apost\u00f3lica Coraz\u00f3n de Jes\u00fas, Dominica de la Anunciata, Madre Divino Pastor y Misioneras de Cristo Jes\u00fas.<\/p>\n<p>&nbsp;<\/p>\n<p>Esta noticia ha sido publicada por la web del arzobispado de Valladolid\u00a0<a href=\"http:\/\/www.iglesiaenvalladolid.es\/comunicacion\/actualidad-dicoesana\/1824-vida-consagrada-en-clave-ecologica-y-solidaria\">http:\/\/www.iglesiaenvalladolid.es\/comunicacion\/actualidad-dicoesana\/1824-vida-consagrada-en-clave-ecologica-y-solidaria<\/a><\/p>\n","protected":false},"excerpt":{"rendered":"<p>20 religiosos participan en la semana \u2018Vida consagrada en clave ecol\u00f3gica y solidaria\u2019 que se celebra en INEA, Valladolid \u00a0 20 religiosos de diversas congregaciones participan en la primera semana te\u00f3rico-pr\u00e1ctica \u2018Vida consagrada en clave ecol\u00f3gica y solidaria\u2019. Unas jornadas impulsadas por la Fundaci\u00f3n Inea, en colaboraci\u00f3n con Jos\u00e9 Eizaguirre, como\u00a0 parte de su Proyecto &#8230; <a title=\"Los religiosos buscan las claves ecol\u00f3gicas de su vida consagrada\" class=\"read-more\" href=\"http:\/\/www.ecoinea.org\/index.php\/2013\/07\/23\/los-religiosos-buscan-las-claves-ecologicas-de-su-vida-consagrada\/\">Leer m\u00e1s<span class=\"screen-reader-text\">Los religiosos buscan las claves ecol\u00f3gicas de su vida consagrada<\/span><\/a><\/p>\n","protected":false},"author":1,"featured_media":0,"comment_status":"open","ping_status":"open","sticky":false,"template":"","format":"standard","meta":{"footnotes":""},"categories":[84,81],"tags":[99,125],"_links":{"self":[{"href":"http:\/\/www.ecoinea.org\/index.php\/wp-json\/wp\/v2\/posts\/942"}],"collection":[{"href":"http:\/\/www.ecoinea.org\/index.php\/wp-json\/wp\/v2\/posts"}],"about":[{"href":"http:\/\/www.ecoinea.org\/index.php\/wp-json\/wp\/v2\/types\/post"}],"author":[{"embeddable":true,"href":"http:\/\/www.ecoinea.org\/index.php\/wp-json\/wp\/v2\/users\/1"}],"replies":[{"embeddable":true,"href":"http:\/\/www.ecoinea.org\/index.php\/wp-json\/wp\/v2\/comments?post=942"}],"version-history":[{"count":1,"href":"http:\/\/www.ecoinea.org\/index.php\/wp-json\/wp\/v2\/posts\/942\/revisions"}],"predecessor-version":[{"id":1364,"href":"http:\/\/www.ecoinea.org\/index.php\/wp-json\/wp\/v2\/posts\/942\/revisions\/1364"}],"wp:attachment":[{"href":"http:\/\/www.ecoinea.org\/index.php\/wp-json\/wp\/v2\/media?parent=942"}],"wp:term":[{"taxonomy":"category","embeddable":true,"href":"http:\/\/www.ecoinea.org\/index.php\/wp-json\/wp\/v2\/categories?post=942"},{"taxonomy":"post_tag","embeddable":true,"href":"http:\/\/www.ecoinea.org\/index.php\/wp-json\/wp\/v2\/tags?post=942"}],"curies":[{"name":"wp","href":"https:\/\/api.w.org\/{rel}","templated":true}]}}