{"id":943,"date":"2013-08-27T17:44:16","date_gmt":"2013-08-27T17:44:16","guid":{"rendered":"http:\/\/pai.inea.org\/?p=371"},"modified":"2018-06-14T08:19:16","modified_gmt":"2018-06-14T08:19:16","slug":"mercadillo-ecologico-y-solidario","status":"publish","type":"post","link":"http:\/\/www.ecoinea.org\/index.php\/2013\/08\/27\/mercadillo-ecologico-y-solidario\/","title":{"rendered":"Mercadillo ecol\u00f3gico y solidario"},"content":{"rendered":"<p><b>Inea celebra el viernes el VIII Mercadillo Ecol\u00f3gico y Solidario para recaudar fondos para Etiop\u00eda <\/b><\/p>\n<p><b>\u00a0<\/b><\/p>\n<p>Inea celebra el pr\u00f3ximo viernes, 30 de agosto, el VIII Mercadillo Ecol\u00f3gico y Solidario. Se trata de una iniciativa de la Escuela de Ingenier\u00eda Agr\u00edcola en colaboraci\u00f3n con los 400 hortelanos a los que el Ayuntamiento de Valladolid ha adjudicado las parcelas disponibles en esta finca de los jesuitas. Como el a\u00f1o pasado, adem\u00e1s de los puestos tradicionales de los hortelanos, estar\u00e1n presentes Come Sano Come Justo, Red Incola y Enetreculturas y se servir\u00e1 un \u2018ecomen\u00fa\u2019 solidario de 5 euros:\u00a0 patatas guisadas con carne, gazpacho y sand\u00eda. Para disfrutar de esta comida es imprescindible comprar el ticket antes del jueves en la oficina de los huertos de INEA o telef\u00f3nicamente en los n\u00fameros: <b>672470840 y 670905930.<\/b><\/p>\n<p>&nbsp;<\/p>\n<p>De esta manera, la VIII edici\u00f3n convoca a quienes deseen adquirir los exquisitos productos frescos de las huertas con fines. Una jornada de rencuentro, abierta a todos, que casi se convierte en visita obligada al kil\u00f3metro 4,5 del Camino Viejo de Simancas antes de que comiencen las fiestas de Valladolid. A este punto de encuentro llega el autob\u00fas de la l\u00ednea 25 (L5 durante el invierno) que sale desde el paseo de Zorrilla, n\u00famero 10, con direcci\u00f3n al Puente de Simancas o Entrepinos cada 30 minutos (a medias y enteras).<\/p>\n<p>&nbsp;<\/p>\n<p>La recaudaci\u00f3n de este a\u00f1o ir\u00e1 destinada a Etiop\u00eda. Se trata de apoyar el proyecto de aulas \u201ccanguro\u201d emprendido por la ONG internacional Abay. Su objetivo es acoger y dar respuesta a las necesidades educativas y asistenciales de 75 ni\u00f1os y ni\u00f1as de edades comprendidas entre 3 y 6 a\u00f1os, procedentes de las familias m\u00e1s desfavorecidas y vulnerables de la zona (hu\u00e9rfanos, familias desestructuradas, monoparentales, etc.) All\u00ed,\u00a0 reciben formaci\u00f3n, alimentaci\u00f3n y h\u00e1bitos de higiene diarios. La primera de las tres aulas se abri\u00f3 en diciembre de 2012 con 21 ni\u00f1os. Este mes de septiembre, con el apoyo de la Fundaci\u00f3n INEA, se inaugurar\u00e1n las dos aulas restantes para 54 ni\u00f1os nuevos.<\/p>\n","protected":false},"excerpt":{"rendered":"<p>Inea celebra el viernes el VIII Mercadillo Ecol\u00f3gico y Solidario para recaudar fondos para Etiop\u00eda \u00a0 Inea celebra el pr\u00f3ximo viernes, 30 de agosto, el VIII Mercadillo Ecol\u00f3gico y Solidario. Se trata de una iniciativa de la Escuela de Ingenier\u00eda Agr\u00edcola en colaboraci\u00f3n con los 400 hortelanos a los que el Ayuntamiento de Valladolid ha &#8230; <a title=\"Mercadillo ecol\u00f3gico y solidario\" class=\"read-more\" href=\"http:\/\/www.ecoinea.org\/index.php\/2013\/08\/27\/mercadillo-ecologico-y-solidario\/\">Leer m\u00e1s<span class=\"screen-reader-text\">Mercadillo ecol\u00f3gico y solidario<\/span><\/a><\/p>\n","protected":false},"author":1,"featured_media":0,"comment_status":"open","ping_status":"open","sticky":false,"template":"","format":"standard","meta":{"footnotes":""},"categories":[81],"tags":[96,124,114],"_links":{"self":[{"href":"http:\/\/www.ecoinea.org\/index.php\/wp-json\/wp\/v2\/posts\/943"}],"collection":[{"href":"http:\/\/www.ecoinea.org\/index.php\/wp-json\/wp\/v2\/posts"}],"about":[{"href":"http:\/\/www.ecoinea.org\/index.php\/wp-json\/wp\/v2\/types\/post"}],"author":[{"embeddable":true,"href":"http:\/\/www.ecoinea.org\/index.php\/wp-json\/wp\/v2\/users\/1"}],"replies":[{"embeddable":true,"href":"http:\/\/www.ecoinea.org\/index.php\/wp-json\/wp\/v2\/comments?post=943"}],"version-history":[{"count":1,"href":"http:\/\/www.ecoinea.org\/index.php\/wp-json\/wp\/v2\/posts\/943\/revisions"}],"predecessor-version":[{"id":1551,"href":"http:\/\/www.ecoinea.org\/index.php\/wp-json\/wp\/v2\/posts\/943\/revisions\/1551"}],"wp:attachment":[{"href":"http:\/\/www.ecoinea.org\/index.php\/wp-json\/wp\/v2\/media?parent=943"}],"wp:term":[{"taxonomy":"category","embeddable":true,"href":"http:\/\/www.ecoinea.org\/index.php\/wp-json\/wp\/v2\/categories?post=943"},{"taxonomy":"post_tag","embeddable":true,"href":"http:\/\/www.ecoinea.org\/index.php\/wp-json\/wp\/v2\/tags?post=943"}],"curies":[{"name":"wp","href":"https:\/\/api.w.org\/{rel}","templated":true}]}}