{"id":944,"date":"2013-12-01T18:50:33","date_gmt":"2013-12-01T18:50:33","guid":{"rendered":"http:\/\/pai.inea.org\/?p=378"},"modified":"2018-06-14T08:17:37","modified_gmt":"2018-06-14T08:17:37","slug":"preparando-el-2014","status":"publish","type":"post","link":"http:\/\/www.ecoinea.org\/index.php\/2013\/12\/01\/preparando-el-2014\/","title":{"rendered":"Preparando el 2014"},"content":{"rendered":"<p>En este a\u00f1o de 2014 tenemos una serie de acciones programadas para su desarrollo dentro del Proyecto Agroecol\u00f3gico integral de INEA. Entre ellas cabe destacar las siguientes:<\/p>\n<p>1.- programa de Huertos ecol\u00f3gicos para ni\u00f1os inmigrantes y familias. Este programa empieza en Noviembre de 2013 y se desarrolla a lo largo de 2014. estos ni\u00f1os tendr\u00e1n unos monitores que les formar\u00e1n para desarrollar los huertos ecol\u00f3gicos de la mejor manera posible siguiendo el m\u00e9todo de parades en crestall de Gaspar Caballero de Segovia.<\/p>\n<p>2.- programa de Microjobs para inmigrantes. personas que han realizado Cursos de Formaci\u00f3n con red \u00cdnccola tendr\u00e1n la oportunidad de tener un peque\u00f1o trabajo temporal para entrar en sl sistema de seguridad social y adquirir experiencia laboral en el campo en el que hanr ealizado la formaci\u00f3n.<\/p>\n<p>3.- BANCO DE ALIMENTOS frescos y ecol\u00f3gicos. Con las aportaciones de los usuarios de Huertos ecol\u00f3gicos vamos a montar un Banco de alimentos frescos para ayudar a familias sin recursos.<\/p>\n<p>4.- Semana de espiritualidad y vida religiosa a desarrollar en el mes de Julio en INEA.<\/p>\n<p>5.- Ecopascua. Una experiencia para vivir la espiritualidad y la ecolog\u00eda en ambiente de reflexi\u00f3n y oraci\u00f3n.<\/p>\n<p>6.- Curso para profesores en educaci\u00f3n ambiental y ecolog\u00eda.<\/p>\n<p>7.- Portal de Bioyantar B2B, para los profesionales de la agricultura ecol\u00f3gica de Castilla y Le\u00f3n.<\/p>\n<p>8.- Feria de productos ecol\u00f3gicos de Valladolid BIOYANTAR.<\/p>\n<p>Adem\u00e1s de todo este programa seguiremos con nuestras actividades de Huertos y Gallinas, Cursos, Huertos ecol\u00f3gicos, Finca ecol\u00f3gica, concursos de videos de huertos escolares, mercadillo ecol\u00f3gico de INEA, etc. etc.<\/p>\n<p>para cualquier sugerencia inea@inea.uva.es<\/p>\n","protected":false},"excerpt":{"rendered":"<p>En este a\u00f1o de 2014 tenemos una serie de acciones programadas para su desarrollo dentro del Proyecto Agroecol\u00f3gico integral de INEA. Entre ellas cabe destacar las siguientes: 1.- programa de Huertos ecol\u00f3gicos para ni\u00f1os inmigrantes y familias. Este programa empieza en Noviembre de 2013 y se desarrolla a lo largo de 2014. estos ni\u00f1os tendr\u00e1n &#8230; <a title=\"Preparando el 2014\" class=\"read-more\" href=\"http:\/\/www.ecoinea.org\/index.php\/2013\/12\/01\/preparando-el-2014\/\">Leer m\u00e1s<span class=\"screen-reader-text\">Preparando el 2014<\/span><\/a><\/p>\n","protected":false},"author":1,"featured_media":0,"comment_status":"open","ping_status":"open","sticky":false,"template":"","format":"standard","meta":{"footnotes":""},"categories":[81],"tags":[134,90,125,98,96],"_links":{"self":[{"href":"http:\/\/www.ecoinea.org\/index.php\/wp-json\/wp\/v2\/posts\/944"}],"collection":[{"href":"http:\/\/www.ecoinea.org\/index.php\/wp-json\/wp\/v2\/posts"}],"about":[{"href":"http:\/\/www.ecoinea.org\/index.php\/wp-json\/wp\/v2\/types\/post"}],"author":[{"embeddable":true,"href":"http:\/\/www.ecoinea.org\/index.php\/wp-json\/wp\/v2\/users\/1"}],"replies":[{"embeddable":true,"href":"http:\/\/www.ecoinea.org\/index.php\/wp-json\/wp\/v2\/comments?post=944"}],"version-history":[{"count":1,"href":"http:\/\/www.ecoinea.org\/index.php\/wp-json\/wp\/v2\/posts\/944\/revisions"}],"predecessor-version":[{"id":1550,"href":"http:\/\/www.ecoinea.org\/index.php\/wp-json\/wp\/v2\/posts\/944\/revisions\/1550"}],"wp:attachment":[{"href":"http:\/\/www.ecoinea.org\/index.php\/wp-json\/wp\/v2\/media?parent=944"}],"wp:term":[{"taxonomy":"category","embeddable":true,"href":"http:\/\/www.ecoinea.org\/index.php\/wp-json\/wp\/v2\/categories?post=944"},{"taxonomy":"post_tag","embeddable":true,"href":"http:\/\/www.ecoinea.org\/index.php\/wp-json\/wp\/v2\/tags?post=944"}],"curies":[{"name":"wp","href":"https:\/\/api.w.org\/{rel}","templated":true}]}}