{"id":946,"date":"2018-04-06T15:26:55","date_gmt":"2018-04-06T15:26:55","guid":{"rendered":"http:\/\/pai.inea.org\/?p=929"},"modified":"2018-06-13T12:52:30","modified_gmt":"2018-06-13T12:52:30","slug":"formacion-en-agricultura-ecologica-en-aranda-de-duero","status":"publish","type":"post","link":"http:\/\/www.ecoinea.org\/index.php\/2018\/04\/06\/formacion-en-agricultura-ecologica-en-aranda-de-duero\/","title":{"rendered":"Formaci\u00f3n en agricultura ecol\u00f3gica en Aranda de Duero"},"content":{"rendered":"<p>Este fin de semana de 7 y 8 de abril impartimos para los usuarios de los huertos 12 horas de formaci\u00f3n en agricultura ecol\u00f3gica.<\/p>\n<p>Los profesores ser\u00e1n Raquel y Samuel, responsables de los huertos ecol\u00f3gicos de Inea y de los huertos municipales.<\/p>\n<p>Puede verse la noticia en <a href=\"https:\/\/www.diariodelaribera.net\/hemeroteca\/aranda-con-el-medio-ambiente\/cursos-gratuitos-de-agricultura-ecologica\/\" target=\"_blank\" rel=\"noopener\">https:\/\/www.diariodelaribera.net\/hemeroteca\/aranda-con-el-medio-ambiente\/cursos-gratuitos-de-agricultura-ecologica\/<\/a><\/p>\n","protected":false},"excerpt":{"rendered":"<p>Este fin de semana de 7 y 8 de abril impartimos para los usuarios de los huertos 12 horas de formaci\u00f3n en agricultura ecol\u00f3gica. Los profesores ser\u00e1n Raquel y Samuel, responsables de los huertos ecol\u00f3gicos de Inea y de los huertos municipales. Puede verse la noticia en https:\/\/www.diariodelaribera.net\/hemeroteca\/aranda-con-el-medio-ambiente\/cursos-gratuitos-de-agricultura-ecologica\/<\/p>\n","protected":false},"author":1,"featured_media":0,"comment_status":"closed","ping_status":"closed","sticky":false,"template":"","format":"standard","meta":{"footnotes":""},"categories":[82,81],"tags":[95],"_links":{"self":[{"href":"http:\/\/www.ecoinea.org\/index.php\/wp-json\/wp\/v2\/posts\/946"}],"collection":[{"href":"http:\/\/www.ecoinea.org\/index.php\/wp-json\/wp\/v2\/posts"}],"about":[{"href":"http:\/\/www.ecoinea.org\/index.php\/wp-json\/wp\/v2\/types\/post"}],"author":[{"embeddable":true,"href":"http:\/\/www.ecoinea.org\/index.php\/wp-json\/wp\/v2\/users\/1"}],"replies":[{"embeddable":true,"href":"http:\/\/www.ecoinea.org\/index.php\/wp-json\/wp\/v2\/comments?post=946"}],"version-history":[{"count":1,"href":"http:\/\/www.ecoinea.org\/index.php\/wp-json\/wp\/v2\/posts\/946\/revisions"}],"predecessor-version":[{"id":1183,"href":"http:\/\/www.ecoinea.org\/index.php\/wp-json\/wp\/v2\/posts\/946\/revisions\/1183"}],"wp:attachment":[{"href":"http:\/\/www.ecoinea.org\/index.php\/wp-json\/wp\/v2\/media?parent=946"}],"wp:term":[{"taxonomy":"category","embeddable":true,"href":"http:\/\/www.ecoinea.org\/index.php\/wp-json\/wp\/v2\/categories?post=946"},{"taxonomy":"post_tag","embeddable":true,"href":"http:\/\/www.ecoinea.org\/index.php\/wp-json\/wp\/v2\/tags?post=946"}],"curies":[{"name":"wp","href":"https:\/\/api.w.org\/{rel}","templated":true}]}}