{"id":967,"date":"2018-04-22T19:03:46","date_gmt":"2018-04-22T19:03:46","guid":{"rendered":"http:\/\/pai.inea.org\/?p=967"},"modified":"2018-06-13T12:46:45","modified_gmt":"2018-06-13T12:46:45","slug":"la-huerta-de-ivan","status":"publish","type":"post","link":"http:\/\/www.ecoinea.org\/index.php\/2018\/04\/22\/la-huerta-de-ivan\/","title":{"rendered":"La Huerta de Iv\u00e1n"},"content":{"rendered":"<p>El pasado martes 17 de abril invitamos a Iv\u00e1n a dar una charla en INEA para los alumnos de INEA y los usuarios de los huertos ecol\u00f3gicos.<\/p>\n<p>Iv\u00e1n es un youtuber sobre huertos con m\u00e1s de 50.000 seguidores. La charla fue sencilla, sobre los principios b\u00e1sicos de la horticultura y luego fue seguida de di\u00e1logo y paseo por los huertos.<\/p>\n<p><a href=\"http:\/\/www.ecoinea.org\/wp-content\/uploads\/2018\/06\/la-huerta-de-Ivan.jpg\"><img fetchpriority=\"high\" decoding=\"async\" class=\"aligncenter wp-image-1576 size-large\" src=\"http:\/\/www.ecoinea.org\/wp-content\/uploads\/2018\/06\/la-huerta-de-Ivan-1024x768.jpg\" alt=\"\" width=\"1024\" height=\"768\" srcset=\"http:\/\/www.ecoinea.org\/wp-content\/uploads\/2018\/06\/la-huerta-de-Ivan-1024x768.jpg 1024w, http:\/\/www.ecoinea.org\/wp-content\/uploads\/2018\/06\/la-huerta-de-Ivan-300x225.jpg 300w, http:\/\/www.ecoinea.org\/wp-content\/uploads\/2018\/06\/la-huerta-de-Ivan-768x576.jpg 768w, http:\/\/www.ecoinea.org\/wp-content\/uploads\/2018\/06\/la-huerta-de-Ivan.jpg 1600w\" sizes=\"(max-width: 1024px) 100vw, 1024px\" \/><\/a><\/p>\n","protected":false},"excerpt":{"rendered":"<p>El pasado martes 17 de abril invitamos a Iv\u00e1n a dar una charla en INEA para los alumnos de INEA y los usuarios de los huertos ecol\u00f3gicos. Iv\u00e1n es un youtuber sobre huertos con m\u00e1s de 50.000 seguidores. La charla fue sencilla, sobre los principios b\u00e1sicos de la horticultura y luego fue seguida de di\u00e1logo &#8230; <a title=\"La Huerta de Iv\u00e1n\" class=\"read-more\" href=\"http:\/\/www.ecoinea.org\/index.php\/2018\/04\/22\/la-huerta-de-ivan\/\">Leer m\u00e1s<span class=\"screen-reader-text\">La Huerta de Iv\u00e1n<\/span><\/a><\/p>\n","protected":false},"author":1,"featured_media":0,"comment_status":"closed","ping_status":"closed","sticky":false,"template":"","format":"standard","meta":{"footnotes":""},"categories":[82],"tags":[91,92],"_links":{"self":[{"href":"http:\/\/www.ecoinea.org\/index.php\/wp-json\/wp\/v2\/posts\/967"}],"collection":[{"href":"http:\/\/www.ecoinea.org\/index.php\/wp-json\/wp\/v2\/posts"}],"about":[{"href":"http:\/\/www.ecoinea.org\/index.php\/wp-json\/wp\/v2\/types\/post"}],"author":[{"embeddable":true,"href":"http:\/\/www.ecoinea.org\/index.php\/wp-json\/wp\/v2\/users\/1"}],"replies":[{"embeddable":true,"href":"http:\/\/www.ecoinea.org\/index.php\/wp-json\/wp\/v2\/comments?post=967"}],"version-history":[{"count":5,"href":"http:\/\/www.ecoinea.org\/index.php\/wp-json\/wp\/v2\/posts\/967\/revisions"}],"predecessor-version":[{"id":1750,"href":"http:\/\/www.ecoinea.org\/index.php\/wp-json\/wp\/v2\/posts\/967\/revisions\/1750"}],"wp:attachment":[{"href":"http:\/\/www.ecoinea.org\/index.php\/wp-json\/wp\/v2\/media?parent=967"}],"wp:term":[{"taxonomy":"category","embeddable":true,"href":"http:\/\/www.ecoinea.org\/index.php\/wp-json\/wp\/v2\/categories?post=967"},{"taxonomy":"post_tag","embeddable":true,"href":"http:\/\/www.ecoinea.org\/index.php\/wp-json\/wp\/v2\/tags?post=967"}],"curies":[{"name":"wp","href":"https:\/\/api.w.org\/{rel}","templated":true}]}}