{"id":978,"date":"2018-05-01T15:59:19","date_gmt":"2018-05-01T15:59:19","guid":{"rendered":"http:\/\/pai.inea.org\/?p=978"},"modified":"2018-06-13T12:43:19","modified_gmt":"2018-06-13T12:43:19","slug":"actividades-que-tienen-que-ver-con-la-ecologia-abril-2018","status":"publish","type":"post","link":"http:\/\/www.ecoinea.org\/index.php\/2018\/05\/01\/actividades-que-tienen-que-ver-con-la-ecologia-abril-2018\/","title":{"rendered":"Actividades que tienen que ver con la Ecolog\u00eda Abril 2018"},"content":{"rendered":"<p>En estos d\u00edas INEA ha tenido diversas presencias en los medios de comunicaci\u00f3n social, porque parece que el tema de la agricultura ecol\u00f3gica cada\u00a0 vez est\u00e1 mejor valorado como una apuesta de futuro para la Humanidad. As\u00ed, estuvo presente Juan Luis Fradedjas en el Programa Surcos de Castilla y Le\u00f3n en un reportaje sobre producci\u00f3n ecol\u00f3gica\u00a0<a href=\"https:\/\/www.youtube.com\/watch?v=t37w4c5iDKk\" target=\"_blank\" rel=\"noopener\">(pincha aqui)<\/a><\/p>\n<p>Tambi\u00e9n tres profesores de INEA han estado en el curso sobre Profesionalizaci\u00f3n ecol\u00f3gica: Una alternativa. Abel Barrios Mar\u00eda Antonia Gonz\u00e1lez y Juan Luis Fradejas, impartido en la finca Dehesa de Tablares en la provincia de Palencia.<\/p>\n<p>Y el 30 de Mayo Pilar Guti\u00e9rrez y Juan Luis Fradejas estuvieron en la cadena SER en un programa hablando de los alimentos de Valladolid. en el Programa Hoy por hoy. Puedes escucharles a partir de 1 hora y dos minutos\u00a0<a href=\"http:\/\/play.cadenaser.com\/audio\/ser_valladolid_hoyporhoyvalladolid_20180430_122000_140000\/?ssm=whatsapp\" target=\"_blank\" rel=\"noopener\">(pincha aqu\u00ed)<\/a><\/p>\n<p>El profesor Abel ha intervenido tambi\u00e9n en el Curso para formaci\u00f3n de Peritos que se ha impartido en INEA organizado por Agroseguro y una entidad de Madrid.<\/p>\n<p><a href=\"http:\/\/www.ecoinea.org\/wp-content\/uploads\/2018\/06\/curso-agricultura-ecol\u00f3gica-en-Palencia.jpg\"><img fetchpriority=\"high\" decoding=\"async\" class=\"aligncenter wp-image-1570 size-large\" src=\"http:\/\/www.ecoinea.org\/wp-content\/uploads\/2018\/06\/curso-agricultura-ecol\u00f3gica-en-Palencia-1024x768.jpg\" alt=\"\" width=\"1024\" height=\"768\" srcset=\"http:\/\/www.ecoinea.org\/wp-content\/uploads\/2018\/06\/curso-agricultura-ecol\u00f3gica-en-Palencia-1024x768.jpg 1024w, http:\/\/www.ecoinea.org\/wp-content\/uploads\/2018\/06\/curso-agricultura-ecol\u00f3gica-en-Palencia-300x225.jpg 300w, http:\/\/www.ecoinea.org\/wp-content\/uploads\/2018\/06\/curso-agricultura-ecol\u00f3gica-en-Palencia-768x576.jpg 768w, http:\/\/www.ecoinea.org\/wp-content\/uploads\/2018\/06\/curso-agricultura-ecol\u00f3gica-en-Palencia.jpg 1600w\" sizes=\"(max-width: 1024px) 100vw, 1024px\" \/><\/a><\/p>\n","protected":false},"excerpt":{"rendered":"<p>En estos d\u00edas INEA ha tenido diversas presencias en los medios de comunicaci\u00f3n social, porque parece que el tema de la agricultura ecol\u00f3gica cada\u00a0 vez est\u00e1 mejor valorado como una apuesta de futuro para la Humanidad. As\u00ed, estuvo presente Juan Luis Fradedjas en el Programa Surcos de Castilla y Le\u00f3n en un reportaje sobre producci\u00f3n &#8230; <a title=\"Actividades que tienen que ver con la Ecolog\u00eda Abril 2018\" class=\"read-more\" href=\"http:\/\/www.ecoinea.org\/index.php\/2018\/05\/01\/actividades-que-tienen-que-ver-con-la-ecologia-abril-2018\/\">Leer m\u00e1s<span class=\"screen-reader-text\">Actividades que tienen que ver con la Ecolog\u00eda Abril 2018<\/span><\/a><\/p>\n","protected":false},"author":1,"featured_media":0,"comment_status":"closed","ping_status":"closed","sticky":false,"template":"","format":"standard","meta":{"footnotes":""},"categories":[83,81],"tags":[89],"_links":{"self":[{"href":"http:\/\/www.ecoinea.org\/index.php\/wp-json\/wp\/v2\/posts\/978"}],"collection":[{"href":"http:\/\/www.ecoinea.org\/index.php\/wp-json\/wp\/v2\/posts"}],"about":[{"href":"http:\/\/www.ecoinea.org\/index.php\/wp-json\/wp\/v2\/types\/post"}],"author":[{"embeddable":true,"href":"http:\/\/www.ecoinea.org\/index.php\/wp-json\/wp\/v2\/users\/1"}],"replies":[{"embeddable":true,"href":"http:\/\/www.ecoinea.org\/index.php\/wp-json\/wp\/v2\/comments?post=978"}],"version-history":[{"count":8,"href":"http:\/\/www.ecoinea.org\/index.php\/wp-json\/wp\/v2\/posts\/978\/revisions"}],"predecessor-version":[{"id":1747,"href":"http:\/\/www.ecoinea.org\/index.php\/wp-json\/wp\/v2\/posts\/978\/revisions\/1747"}],"wp:attachment":[{"href":"http:\/\/www.ecoinea.org\/index.php\/wp-json\/wp\/v2\/media?parent=978"}],"wp:term":[{"taxonomy":"category","embeddable":true,"href":"http:\/\/www.ecoinea.org\/index.php\/wp-json\/wp\/v2\/categories?post=978"},{"taxonomy":"post_tag","embeddable":true,"href":"http:\/\/www.ecoinea.org\/index.php\/wp-json\/wp\/v2\/tags?post=978"}],"curies":[{"name":"wp","href":"https:\/\/api.w.org\/{rel}","templated":true}]}}