{"id":986,"date":"2018-05-16T08:08:30","date_gmt":"2018-05-16T08:08:30","guid":{"rendered":"http:\/\/pai.inea.org\/?p=986"},"modified":"2018-06-13T12:41:55","modified_gmt":"2018-06-13T12:41:55","slug":"san-isidro-2019-huertos-ecologicos","status":"publish","type":"post","link":"http:\/\/www.ecoinea.org\/index.php\/2018\/05\/16\/san-isidro-2019-huertos-ecologicos\/","title":{"rendered":"San Isidro 2019 Huertos ecol\u00f3gicos"},"content":{"rendered":"<div class=\"lineinfo subtitle1\"><span class=\"element\"><span class=\"label field_created\">Fecha:\u00a0<\/span><span class=\"value field_created\">Mi\u00e9rcoles, 16 Mayo 2018<\/span><\/span><\/div>\n<div class=\"description\">\n<div class=\"desc-content\">\n<p class=\"flow-text\">Una fiesta tradicional ya en INEA en honor al legado de san Isidro. Un santo del siglo XI, patr\u00f3n de los agricultores, que transmite al hombre y a la mujer de hoy un mensaje que va m\u00e1s all\u00e1 de las labores del campo. El obispo auxiliar de Valladolid, Luis Arg\u00fcello, que ha presidido la misa en INEA en honor al santo, resumi\u00f3 su legado en el cuidado del trabajo en toda su dimensi\u00f3n. \u00a0Al aire libre, desgran\u00f3 esos valores acompa\u00f1ado de F\u00e9lix Revilla, director de la Escuela de Ingenier\u00eda Agr\u00edcola, y de G\u00e9rar Villar, delegado de la PAL de Valladolid, y rodeado de hortelanos y representantes del Ayuntamiento: el alcalde de Valladolid, \u00d3scar Puente, y la concejala de Servicios Sociales, Rafaela Romero.<\/p>\n<p class=\"flow-text\">Arg\u00fcello reflexion\u00f3 sobre la realidad humana en relaci\u00f3n con el trabajo. \u201cEs bueno que nos planteemos todo el sentido de la actividad humana para ganarnos la vida, para desarrollarnos como personas, para humanizarnos, para desarrollar nuestras capacidades, cuidarnos unos a otros y para cuidar la tierra que nos ha sido dada como un don para transformarla y poder extraer de la tierra todo lo que nos da\u201d. Apunt\u00f3 las diversas perspectivas de las que aprender de san Isidro: el respeto contemplativo a la creaci\u00f3n y de nuestros compa\u00f1eros para descubrir el misterio de la naturaleza y de las personas. Vivir las cosas en clave de oraci\u00f3n para crecer en fraternidad y aprender de su humildad en un tiempo que prevalece la autodeterminaci\u00f3n y el aislacionismo. \u201cQue todos arrimemos el hombro para la consecuci\u00f3n del bien com\u00fan\u201d.<\/p>\n<p class=\"flow-text\">Despu\u00e9s de la misa, todos los asistentes siguieron en procesi\u00f3n la bendici\u00f3n de los huertos. Este a\u00f1o hubo una parada especial dedicada a un hortelano veterano que el pasado 29 de marzo falleci\u00f3, Poli. Su huerto es hoy un lugar especial en su memoria, cubierto de flores y plantas que con tanto mimo cultivaba. En el centro, dos bancos donde poder sentarse para disfrutar de este espacio privilegiado al que tanto tiempo dedicaba Poli.<\/p>\n<p class=\"flow-text\">La fiesta de INEA ha homenajeado al santo con actividades vinculadas a la escuela todo el d\u00eda, desde las 11h. Un curso de cocina con alimentos ecol\u00f3gicos de Come Sano. Un master class que abri\u00f3 boca para que siguiera la cata de vinos de la bodega Concejo y una cata de quesos de Las Cortas de Blas. Siguieron los talleres de arte floral y de fabricaci\u00f3n de hoteles para insectos. En la fotograf\u00eda uno de los . Un taller de chapas de las personas con enfermedad mental y un mercadillo de libros\u2026 La concejala de Medio Ambiente, Mar\u00eda S\u00e1nchez, se acerc\u00f3 hasta INEA para compartir este proyecto en el que ellos participan a trav\u00e9s de los Huertos Ecol\u00f3gicos para jubilados. Ya por la tarde la misa, la bendici\u00f3n de los huertos y el tradicional baile al ritmo de las dulzainas.<\/p>\n<p>&nbsp;<\/p>\n<p class=\"flow-text\">\n<\/div>\n<\/div>\n<p><iframe src=\"https:\/\/www.youtube.com\/embed\/7TudAtZ9G74\" width=\"560\" height=\"315\" frameborder=\"0\" allowfullscreen=\"allowfullscreen\"><\/iframe><\/p>\n","protected":false},"excerpt":{"rendered":"<p>Fecha:\u00a0Mi\u00e9rcoles, 16 Mayo 2018 Una fiesta tradicional ya en INEA en honor al legado de san Isidro. Un santo del siglo XI, patr\u00f3n de los agricultores, que transmite al hombre y a la mujer de hoy un mensaje que va m\u00e1s all\u00e1 de las labores del campo. El obispo auxiliar de Valladolid, Luis Arg\u00fcello, que &#8230; <a title=\"San Isidro 2019 Huertos ecol\u00f3gicos\" class=\"read-more\" href=\"http:\/\/www.ecoinea.org\/index.php\/2018\/05\/16\/san-isidro-2019-huertos-ecologicos\/\">Leer m\u00e1s<span class=\"screen-reader-text\">San Isidro 2019 Huertos ecol\u00f3gicos<\/span><\/a><\/p>\n","protected":false},"author":1,"featured_media":0,"comment_status":"closed","ping_status":"closed","sticky":false,"template":"","format":"standard","meta":{"footnotes":""},"categories":[82,81],"tags":[87],"_links":{"self":[{"href":"http:\/\/www.ecoinea.org\/index.php\/wp-json\/wp\/v2\/posts\/986"}],"collection":[{"href":"http:\/\/www.ecoinea.org\/index.php\/wp-json\/wp\/v2\/posts"}],"about":[{"href":"http:\/\/www.ecoinea.org\/index.php\/wp-json\/wp\/v2\/types\/post"}],"author":[{"embeddable":true,"href":"http:\/\/www.ecoinea.org\/index.php\/wp-json\/wp\/v2\/users\/1"}],"replies":[{"embeddable":true,"href":"http:\/\/www.ecoinea.org\/index.php\/wp-json\/wp\/v2\/comments?post=986"}],"version-history":[{"count":1,"href":"http:\/\/www.ecoinea.org\/index.php\/wp-json\/wp\/v2\/posts\/986\/revisions"}],"predecessor-version":[{"id":1425,"href":"http:\/\/www.ecoinea.org\/index.php\/wp-json\/wp\/v2\/posts\/986\/revisions\/1425"}],"wp:attachment":[{"href":"http:\/\/www.ecoinea.org\/index.php\/wp-json\/wp\/v2\/media?parent=986"}],"wp:term":[{"taxonomy":"category","embeddable":true,"href":"http:\/\/www.ecoinea.org\/index.php\/wp-json\/wp\/v2\/categories?post=986"},{"taxonomy":"post_tag","embeddable":true,"href":"http:\/\/www.ecoinea.org\/index.php\/wp-json\/wp\/v2\/tags?post=986"}],"curies":[{"name":"wp","href":"https:\/\/api.w.org\/{rel}","templated":true}]}}