{"id":991,"date":"2018-05-26T17:03:51","date_gmt":"2018-05-26T17:03:51","guid":{"rendered":"http:\/\/pai.inea.org\/?p=991"},"modified":"2018-06-15T08:41:36","modified_gmt":"2018-06-15T08:41:36","slug":"memoria-huertos-inea-2017","status":"publish","type":"post","link":"http:\/\/www.ecoinea.org\/index.php\/2018\/05\/26\/memoria-huertos-inea-2017\/","title":{"rendered":"Memoria Huertos INEA 2017"},"content":{"rendered":"<p>El proyecto de huertos ecol\u00f3gicos de INEA, lleva desde el a\u00f1o 2005 ofreciendo a\u00a0todas las personas mayores de 60 a\u00f1os y empadronadas en Valladolid, no s\u00f3lo un\u00a0\u201ctrozo de tierra\u201d sino adem\u00e1s ilusi\u00f3n y fuerza, como d\u00eda a d\u00eda nos demuestran, para\u00a0cultivarla.<\/p>\n<p>Aqu\u00ed adjuntamos los enlaces a las Memorias de actividades de los Huertos ecol\u00f3gicos de INEA del\u00a0<a href=\"http:\/\/www.ecoinea.org\/wp-content\/uploads\/2018\/06\/MEMORIA_noviembre_2017.pdf\" target=\"_blank\" rel=\"noopener\">a\u00f1o 2017<\/a>\u00a0 y del\u00a0<a href=\"http:\/\/www.ecoinea.org\/wp-content\/uploads\/2018\/06\/memoria-huertos-ecol\u00f3gicos-2016.pdf\" target=\"_blank\" rel=\"noopener\">a\u00f1o 2016<\/a><\/p>\n<p><a href=\"http:\/\/www.ecoinea.org\/wp-content\/uploads\/2014\/06\/banco-alimentos.jpg\" rel=\"attachment wp-att-437\"><img fetchpriority=\"high\" decoding=\"async\" class=\"aligncenter wp-image-437 size-full\" src=\"http:\/\/www.ecoinea.org\/wp-content\/uploads\/2014\/06\/banco-alimentos.jpg\" alt=\"\" width=\"346\" height=\"260\" srcset=\"http:\/\/www.ecoinea.org\/wp-content\/uploads\/2014\/06\/banco-alimentos.jpg 346w, http:\/\/www.ecoinea.org\/wp-content\/uploads\/2014\/06\/banco-alimentos-300x225.jpg 300w\" sizes=\"(max-width: 346px) 100vw, 346px\" \/><\/a><\/p>\n","protected":false},"excerpt":{"rendered":"<p>El proyecto de huertos ecol\u00f3gicos de INEA, lleva desde el a\u00f1o 2005 ofreciendo a\u00a0todas las personas mayores de 60 a\u00f1os y empadronadas en Valladolid, no s\u00f3lo un\u00a0\u201ctrozo de tierra\u201d sino adem\u00e1s ilusi\u00f3n y fuerza, como d\u00eda a d\u00eda nos demuestran, para\u00a0cultivarla. Aqu\u00ed adjuntamos los enlaces a las Memorias de actividades de los Huertos ecol\u00f3gicos de &#8230; <a title=\"Memoria Huertos INEA 2017\" class=\"read-more\" href=\"http:\/\/www.ecoinea.org\/index.php\/2018\/05\/26\/memoria-huertos-inea-2017\/\">Leer m\u00e1s<span class=\"screen-reader-text\">Memoria Huertos INEA 2017<\/span><\/a><\/p>\n","protected":false},"author":1,"featured_media":0,"comment_status":"closed","ping_status":"closed","sticky":false,"template":"","format":"standard","meta":{"footnotes":""},"categories":[82],"tags":[88],"_links":{"self":[{"href":"http:\/\/www.ecoinea.org\/index.php\/wp-json\/wp\/v2\/posts\/991"}],"collection":[{"href":"http:\/\/www.ecoinea.org\/index.php\/wp-json\/wp\/v2\/posts"}],"about":[{"href":"http:\/\/www.ecoinea.org\/index.php\/wp-json\/wp\/v2\/types\/post"}],"author":[{"embeddable":true,"href":"http:\/\/www.ecoinea.org\/index.php\/wp-json\/wp\/v2\/users\/1"}],"replies":[{"embeddable":true,"href":"http:\/\/www.ecoinea.org\/index.php\/wp-json\/wp\/v2\/comments?post=991"}],"version-history":[{"count":7,"href":"http:\/\/www.ecoinea.org\/index.php\/wp-json\/wp\/v2\/posts\/991\/revisions"}],"predecessor-version":[{"id":2144,"href":"http:\/\/www.ecoinea.org\/index.php\/wp-json\/wp\/v2\/posts\/991\/revisions\/2144"}],"wp:attachment":[{"href":"http:\/\/www.ecoinea.org\/index.php\/wp-json\/wp\/v2\/media?parent=991"}],"wp:term":[{"taxonomy":"category","embeddable":true,"href":"http:\/\/www.ecoinea.org\/index.php\/wp-json\/wp\/v2\/categories?post=991"},{"taxonomy":"post_tag","embeddable":true,"href":"http:\/\/www.ecoinea.org\/index.php\/wp-json\/wp\/v2\/tags?post=991"}],"curies":[{"name":"wp","href":"https:\/\/api.w.org\/{rel}","templated":true}]}}