{"id":996,"date":"2018-05-29T06:54:39","date_gmt":"2018-05-29T06:54:39","guid":{"rendered":"http:\/\/pai.inea.org\/?p=996"},"modified":"2018-06-15T09:23:50","modified_gmt":"2018-06-15T09:23:50","slug":"fiestas-de-san-isidro-2018","status":"publish","type":"post","link":"http:\/\/www.ecoinea.org\/index.php\/2018\/05\/29\/fiestas-de-san-isidro-2018\/","title":{"rendered":"San Isidro, Fiestas 2018"},"content":{"rendered":"<p>Con motivo de las fiesta de San Isidro Labrador se ha celebrado tanto en la Escuela como en los huertos y ha congregado a estudiantes de Ingenier\u00eda Agr\u00edcola, profesores, hortelanos y amigos de la fiesta del campo. Tambi\u00e9n han\u00a0pasado representantes del Ayuntamiento de Valladolid, como el alcalde, \u00d3scar Puente y la concejala de Medio Ambiente, Mar\u00eda S\u00e1nchez.<\/p>\n<p>Este a\u00f1o el programa de festejos recogi\u00f3 diversas actividades, os acompa\u00f1amos un enlace para que se puedan ver algunas fotos del evento.<\/p>\n<p><a href=\"https:\/\/photos.app.goo.gl\/0xyhS6kwrFSaaMPv2\" target=\"_blank\" rel=\"noopener\">Fotos<\/a><\/p>\n","protected":false},"excerpt":{"rendered":"<p>Con motivo de las fiesta de San Isidro Labrador se ha celebrado tanto en la Escuela como en los huertos y ha congregado a estudiantes de Ingenier\u00eda Agr\u00edcola, profesores, hortelanos y amigos de la fiesta del campo. Tambi\u00e9n han\u00a0pasado representantes del Ayuntamiento de Valladolid, como el alcalde, \u00d3scar Puente y la concejala de Medio Ambiente, &#8230; <a title=\"San Isidro, Fiestas 2018\" class=\"read-more\" href=\"http:\/\/www.ecoinea.org\/index.php\/2018\/05\/29\/fiestas-de-san-isidro-2018\/\">Leer m\u00e1s<span class=\"screen-reader-text\">San Isidro, Fiestas 2018<\/span><\/a><\/p>\n","protected":false},"author":1,"featured_media":0,"comment_status":"closed","ping_status":"closed","sticky":false,"template":"","format":"standard","meta":{"footnotes":""},"categories":[82,81],"tags":[87],"_links":{"self":[{"href":"http:\/\/www.ecoinea.org\/index.php\/wp-json\/wp\/v2\/posts\/996"}],"collection":[{"href":"http:\/\/www.ecoinea.org\/index.php\/wp-json\/wp\/v2\/posts"}],"about":[{"href":"http:\/\/www.ecoinea.org\/index.php\/wp-json\/wp\/v2\/types\/post"}],"author":[{"embeddable":true,"href":"http:\/\/www.ecoinea.org\/index.php\/wp-json\/wp\/v2\/users\/1"}],"replies":[{"embeddable":true,"href":"http:\/\/www.ecoinea.org\/index.php\/wp-json\/wp\/v2\/comments?post=996"}],"version-history":[{"count":10,"href":"http:\/\/www.ecoinea.org\/index.php\/wp-json\/wp\/v2\/posts\/996\/revisions"}],"predecessor-version":[{"id":2150,"href":"http:\/\/www.ecoinea.org\/index.php\/wp-json\/wp\/v2\/posts\/996\/revisions\/2150"}],"wp:attachment":[{"href":"http:\/\/www.ecoinea.org\/index.php\/wp-json\/wp\/v2\/media?parent=996"}],"wp:term":[{"taxonomy":"category","embeddable":true,"href":"http:\/\/www.ecoinea.org\/index.php\/wp-json\/wp\/v2\/categories?post=996"},{"taxonomy":"post_tag","embeddable":true,"href":"http:\/\/www.ecoinea.org\/index.php\/wp-json\/wp\/v2\/tags?post=996"}],"curies":[{"name":"wp","href":"https:\/\/api.w.org\/{rel}","templated":true}]}}